{"id":1890,"date":"2018-11-20T09:27:30","date_gmt":"2018-11-20T11:27:30","guid":{"rendered":"http:\/\/dgospel.com.br\/portal\/?p=1890"},"modified":"2018-11-20T09:27:30","modified_gmt":"2018-11-20T11:27:30","slug":"ataides-contrariei-entidades-poderosas-mas-saio-de-alma-lavada-e-maos-limpas","status":"publish","type":"post","link":"https:\/\/dgospel.com.br\/portal\/index.php\/2018\/11\/20\/ataides-contrariei-entidades-poderosas-mas-saio-de-alma-lavada-e-maos-limpas\/","title":{"rendered":"Ata\u00eddes: \u201cContrariei entidades poderosas, mas saio de alma lavada e m\u00e3os limpas\u201d"},"content":{"rendered":"<p class=\"yiv9937601756MsoNormal\">\u201cFoi por conta das den\u00fancias que fiz contra o Sistema S e outras organiza\u00e7\u00f5es importantes que acabei n\u00e3o sendo reeleito. Contrariei o interesse de entidades poderosas, que trabalharam pela minha derrota, bancando outras campanhas no Tocantins. Mas saio desta Casa com a alma lavada e com as mesmas m\u00e3os limpas com as quais cheguei ao Senado\u201d. O desabafo foi feito pelo senador Ata\u00eddes Oliveira (PSDB\/TO) nesta segunda-feira (19), em discurso feito na tribuna do Senado Federal.<u><\/u><u><\/u><\/p>\n<p class=\"yiv9937601756MsoNormal\">Cr\u00edtico ferrenho, nos \u00faltimos anos, dos desmandos e dos desvios de finalidade das entidades que comp\u00f5em os servi\u00e7os sociais aut\u00f4nomos, como Sesi, Senai, Sesc, Senat e Sebrae, Ata\u00eddes voltou a denunciar a falta de regula\u00e7\u00e3o e os abusos dessas organiza\u00e7\u00f5es e disse esperar que o futuro ministro da Economia, Paulo Guedes, acabe com a \u201cfarra\u201d do Sistema S, como prometeu.<u><\/u><u><\/u><\/p>\n<p class=\"yiv9937601756MsoNormal\">Parte dos recursos arrecadados compulsoriamente pelo Sistema S deveriam, na opini\u00e3o do parlamentar, ser direcionados para \u00e1reas que enfrentam grave d\u00e9ficit, como a Previd\u00eancia Social. \u00c9 o que prev\u00ea projeto de sua autoria, apresentado no final de 2016.<u><\/u><u><\/u><\/p>\n<p class=\"yiv9937601756MsoNormal\"><u><\/u>\u00a0<u><\/u><\/p>\n<p class=\"yiv9937601756MsoNormal\"><b>Falta de transpar\u00eancia<u><\/u><u><\/u><\/b><\/p>\n<p class=\"yiv9937601756MsoNormal\">Ata\u00eddes frisou que o pr\u00f3prio Tribunal de Contas da Uni\u00e3o deixou claro, em in\u00fameros ac\u00f3rd\u00e3os, que n\u00e3o existe a menor transpar\u00eancia na arrecada\u00e7\u00e3o e na aplica\u00e7\u00e3o de recursos arrecadados compulsoriamente pelo Sistema S.<u><\/u><u><\/u><\/p>\n<p class=\"yiv9937601756MsoNormal\">\u201cS\u00e3o mais de R$ 31 bilh\u00f5es de receita anual, sendo que R$ 24 bilh\u00f5es s\u00e3o arrecadados diretamente das empresas, de forma totalmente ilegal, j\u00e1 que a arrecada\u00e7\u00e3o tribut\u00e1ria \u00e9 de compet\u00eancia exclusiva da Receita Federal. Esses recursos representam o quinto or\u00e7amento da Uni\u00e3o, mas, inexplicavelmente, n\u00e3o s\u00e3o incorporados \u00e0 receita do governo\u201d, alertou.<u><\/u><u><\/u><\/p>\n<p class=\"yiv9937601756MsoNormal\">O senador tamb\u00e9m destacou que a gratuidade dos cursos t\u00e9cnicos e dos outros servi\u00e7os oferecidos pelo Sistema S \u00e9 m\u00ednima. E alfinetou: \u201cem vez de prestar servi\u00e7os aos trabalhadores, essas entidades aplicam dinheiro p\u00fablico no mercado imobili\u00e1rio, no mercado financeiro e no mercado comercial, o que \u00e9 completamente irregular\u201d.<u><\/u><u><\/u><\/p>\n<p class=\"yiv9937601756MsoNormal\"><u><\/u>\u00a0<u><\/u><\/p>\n<p class=\"yiv9937601756MsoNormal\"><b>Desemprego<u><\/u><u><\/u><\/b><\/p>\n<p class=\"yiv9937601756MsoNormal\">Em seu discurso, Ata\u00eddes ainda voltou a criticar a metodologia empregada pelo IBGE para aferir o \u00edndice de desemprego no Brasil. Ele deu como exemplo o fato de ficarem fora das estat\u00edsticas muitos trabalhadores que recebem o seguro-desemprego ou que desistiram de procurar emprego\u00a0 \u2013 os chamados \u201cdesalentados\u201d.<u><\/u><u><\/u><\/p>\n<p class=\"yiv9937601756MsoNormal\">Outro tema que mereceu aten\u00e7\u00e3o de Ata\u00eddes foi a necessidade de um controle maior da movimenta\u00e7\u00e3o financeira no pa\u00eds. O parlamentar elogiou a proposta de que o Coaf \u2013 Conselho de Controle de Atividades Financeiras \u2013 passe a integrar o Minist\u00e9rio da Justi\u00e7a e Seguran\u00e7a P\u00fablica, a ser ocupado por S\u00e9rgio Moro no governo de Jair Bolsonaro.<u><\/u><u><\/u><\/p>\n<p class=\"yiv9937601756MsoNormal\">\u201cExiste uma avalanche de dinheiro de corrup\u00e7\u00e3o que passa pelo sistema financeiro. O controle tem que ser rigoroso\u201d, acentuou. Em 2017, Ata\u00eddes promoveu audi\u00eancia p\u00fablica no Senado para debater o modelo de controle das movimenta\u00e7\u00f5es financeiras no Brasil. (Ascom\/Bras\u00edlia)<u><\/u><u><\/u><\/p>\n<p class=\"yiv9937601756MsoNormal\"><u><\/u><\/p>\n","protected":false},"excerpt":{"rendered":"<p>\u201cFoi por conta das den\u00fancias que fiz contra o Sistema S e outras organiza\u00e7\u00f5es importantes que acabei n\u00e3o sendo reeleito. Contrariei o interesse de entidades poderosas, que trabalharam pela minha derrota, bancando outras campanhas no Tocantins. Mas saio desta Casa com a alma lavada e com as mesmas m\u00e3os limpas com as quais cheguei ao [&hellip;]<\/p>\n","protected":false},"author":2,"featured_media":1891,"comment_status":"open","ping_status":"open","sticky":false,"template":"","format":"standard","meta":[],"categories":[8,2,4],"tags":[],"_links":{"self":[{"href":"https:\/\/dgospel.com.br\/portal\/index.php\/wp-json\/wp\/v2\/posts\/1890"}],"collection":[{"href":"https:\/\/dgospel.com.br\/portal\/index.php\/wp-json\/wp\/v2\/posts"}],"about":[{"href":"https:\/\/dgospel.com.br\/portal\/index.php\/wp-json\/wp\/v2\/types\/post"}],"author":[{"embeddable":true,"href":"https:\/\/dgospel.com.br\/portal\/index.php\/wp-json\/wp\/v2\/users\/2"}],"replies":[{"embeddable":true,"href":"https:\/\/dgospel.com.br\/portal\/index.php\/wp-json\/wp\/v2\/comments?post=1890"}],"version-history":[{"count":1,"href":"https:\/\/dgospel.com.br\/portal\/index.php\/wp-json\/wp\/v2\/posts\/1890\/revisions"}],"predecessor-version":[{"id":1892,"href":"https:\/\/dgospel.com.br\/portal\/index.php\/wp-json\/wp\/v2\/posts\/1890\/revisions\/1892"}],"wp:featuredmedia":[{"embeddable":true,"href":"https:\/\/dgospel.com.br\/portal\/index.php\/wp-json\/wp\/v2\/media\/1891"}],"wp:attachment":[{"href":"https:\/\/dgospel.com.br\/portal\/index.php\/wp-json\/wp\/v2\/media?parent=1890"}],"wp:term":[{"taxonomy":"category","embeddable":true,"href":"https:\/\/dgospel.com.br\/portal\/index.php\/wp-json\/wp\/v2\/categories?post=1890"},{"taxonomy":"post_tag","embeddable":true,"href":"https:\/\/dgospel.com.br\/portal\/index.php\/wp-json\/wp\/v2\/tags?post=1890"}],"curies":[{"name":"wp","href":"https:\/\/api.w.org\/{rel}","templated":true}]}}