{"id":18909,"date":"2024-04-08T12:22:21","date_gmt":"2024-04-08T15:22:21","guid":{"rendered":"https:\/\/dgospel.com.br\/portal\/?p=18909"},"modified":"2024-04-24T21:57:30","modified_gmt":"2024-04-25T00:57:30","slug":"stf-rejeita-papel-das-forcas-armadas-como-poder-moderador","status":"publish","type":"post","link":"https:\/\/dgospel.com.br\/portal\/index.php\/2024\/04\/08\/stf-rejeita-papel-das-forcas-armadas-como-poder-moderador\/","title":{"rendered":"STF rejeita papel das For\u00e7as Armadas como \u2018poder moderador&#8217;"},"content":{"rendered":"\n<p>O STF (Supremo Tribunal Federal) rejeitou o uso das&nbsp;<a rel=\"noreferrer noopener\" href=\"https:\/\/noticias.r7.com\/brasilia\/militares-foram-arremessados-na-politica-e-fizeram-papelao-no-tse-diz-barroso-04032024\" target=\"_blank\">For\u00e7as Armadas<\/a>&nbsp;como&nbsp;<a rel=\"noreferrer noopener\" href=\"https:\/\/noticias.r7.com\/brasilia\/fux-diz-que-constituicao-nao-permite-intervencao-militar-e-nem-encoraja-ruptura-democratica-29032024-1\" target=\"_blank\">\u201cpoder moderador\u201d<\/a>&nbsp;em rela\u00e7\u00e3o ao Executivo, Legislativo e Judici\u00e1rio. O julgamento se encerra \u00e0s 23h59 desta segunda-feira (8), mas todos os ministros j\u00e1 votaram&nbsp;<strong>(veja placar abaixo)<\/strong>. A ADI (A\u00e7\u00e3o direta de inconstitucionalidade) foi apresentada em junho 2020 e questiona pontos de uma lei de 1999 que regula o&nbsp;<a rel=\"noreferrer noopener\" href=\"https:\/\/noticias.r7.com\/brasilia\/stf-tem-3x0-para-impedir-poder-moderador-das-forcas-armadas-e-intervencao-militar-31032024\" target=\"_blank\">emprego das for\u00e7as militares<\/a>.<\/p>\n\n\n\n<p>O relator do caso, ministro Luiz Fux, ressaltou que a Constitui\u00e7\u00e3o n\u00e3o encoraja rupturas democr\u00e1ticas. \u201cQualquer institui\u00e7\u00e3o que pretenda tomar o poder, seja qual for a inten\u00e7\u00e3o declarada, fora da democracia representativa ou mediante seu gradual desfazimento interno, age contra o texto e o esp\u00edrito da Constitui\u00e7\u00e3o\u201d, disse.<\/p>\n\n\n\n<p><a href=\"https:\/\/player.r7.com\/video\/i\/660b8087416eb9c145000492\">https:\/\/player.r7.com\/video\/i\/660b8087416eb9c145000492<\/a><\/p>\n\n\n\n<p>O placar ficou em 11 \u00d7 0 para rejeitar a teoria do uso das for\u00e7as militares como inst\u00e2ncia superior para mediar conflitos entre os poderes.&nbsp; Por\u00e9m, apenas 5 dos 11 ministros votaram para acompanhar o relator sem ressalvas.<\/p>\n\n\n\n<h3>Veja como cada ministro votou<\/h3>\n\n\n\n<p><strong>Relator:&nbsp;<\/strong>Luiz Fux<\/p>\n\n\n\n<p><em><strong>Acompanharam o relator:<\/strong><\/em><\/p>\n\n\n\n<p>\u2022 Min. Lu\u00eds Roberto Barroso;<br>\u2022 Min. Edson Fachin;<br>\u2022 Min. Andr\u00e9 Mendon\u00e7a;<br>\u2022 Min. C\u00e1rmen L\u00facia;<br>\u2022 Min. Nunes Marques.<\/p>\n\n\n\n<p><em><strong>Acompanharam o relator com ressalva:<\/strong><\/em><\/p>\n\n\n\n<p>\u2022 Min. Fl\u00e1vio Dino;<br>\u2022 Min. Gilmar Mendes;<br>\u2022 Min. Cristiano Zanin;<br>\u2022 Min. Alexandre de Moraes;<br>\u2022 Min. Dias Toffoli.<\/p>\n\n\n\n<p><a href=\"https:\/\/player.r7.com\/video\/i\/660b4d311df97b9d74000418\">https:\/\/player.r7.com\/video\/i\/660b4d311df97b9d74000418<\/a><\/p>\n\n\n\n<p>O artigo 142 da Constitui\u00e7\u00e3o determina que \u201cas For\u00e7as Armadas, constitu\u00eddas pela Marinha, pelo Ex\u00e9rcito e pela Aeron\u00e1utica, s\u00e3o institui\u00e7\u00f5es nacionais permanentes e regulares, organizadas com base na hierarquia e na disciplina, sob a autoridade suprema do presidente da Rep\u00fablica, e destinam-se \u00e0 defesa da P\u00e1tria, \u00e0 garantia dos poderes constitucionais e, por iniciativa de qualquer destes, da lei e da ordem.\u201d<\/p>\n","protected":false},"excerpt":{"rendered":"<p>O STF (Supremo Tribunal Federal) rejeitou o uso das&nbsp;For\u00e7as Armadas&nbsp;como&nbsp;\u201cpoder moderador\u201d&nbsp;em rela\u00e7\u00e3o ao Executivo, Legislativo e Judici\u00e1rio. O julgamento se encerra \u00e0s 23h59 desta segunda-feira (8), mas todos os ministros j\u00e1 votaram&nbsp;(veja placar abaixo). A ADI (A\u00e7\u00e3o direta de inconstitucionalidade) foi apresentada em junho 2020 e questiona pontos de uma lei de 1999 que regula [&hellip;]<\/p>\n","protected":false},"author":2,"featured_media":18910,"comment_status":"open","ping_status":"open","sticky":false,"template":"","format":"standard","meta":[],"categories":[10],"tags":[13],"_links":{"self":[{"href":"https:\/\/dgospel.com.br\/portal\/index.php\/wp-json\/wp\/v2\/posts\/18909"}],"collection":[{"href":"https:\/\/dgospel.com.br\/portal\/index.php\/wp-json\/wp\/v2\/posts"}],"about":[{"href":"https:\/\/dgospel.com.br\/portal\/index.php\/wp-json\/wp\/v2\/types\/post"}],"author":[{"embeddable":true,"href":"https:\/\/dgospel.com.br\/portal\/index.php\/wp-json\/wp\/v2\/users\/2"}],"replies":[{"embeddable":true,"href":"https:\/\/dgospel.com.br\/portal\/index.php\/wp-json\/wp\/v2\/comments?post=18909"}],"version-history":[{"count":2,"href":"https:\/\/dgospel.com.br\/portal\/index.php\/wp-json\/wp\/v2\/posts\/18909\/revisions"}],"predecessor-version":[{"id":19144,"href":"https:\/\/dgospel.com.br\/portal\/index.php\/wp-json\/wp\/v2\/posts\/18909\/revisions\/19144"}],"wp:featuredmedia":[{"embeddable":true,"href":"https:\/\/dgospel.com.br\/portal\/index.php\/wp-json\/wp\/v2\/media\/18910"}],"wp:attachment":[{"href":"https:\/\/dgospel.com.br\/portal\/index.php\/wp-json\/wp\/v2\/media?parent=18909"}],"wp:term":[{"taxonomy":"category","embeddable":true,"href":"https:\/\/dgospel.com.br\/portal\/index.php\/wp-json\/wp\/v2\/categories?post=18909"},{"taxonomy":"post_tag","embeddable":true,"href":"https:\/\/dgospel.com.br\/portal\/index.php\/wp-json\/wp\/v2\/tags?post=18909"}],"curies":[{"name":"wp","href":"https:\/\/api.w.org\/{rel}","templated":true}]}}