{"id":18912,"date":"2024-04-08T12:24:45","date_gmt":"2024-04-08T15:24:45","guid":{"rendered":"https:\/\/dgospel.com.br\/portal\/?p=18912"},"modified":"2024-04-08T12:24:46","modified_gmt":"2024-04-08T15:24:46","slug":"moraes-inclui-elon-musk-como-investigado-no-inquerito-das-milicias-digitais","status":"publish","type":"post","link":"https:\/\/dgospel.com.br\/portal\/index.php\/2024\/04\/08\/moraes-inclui-elon-musk-como-investigado-no-inquerito-das-milicias-digitais\/","title":{"rendered":"Moraes inclui Elon Musk como investigado no inqu\u00e9rito das mil\u00edcias\u00a0digitais"},"content":{"rendered":"\n<p>Na noite deste domingo (7), uma decis\u00e3o do ministro Alexandre de Moraes, do STF, coloca Elon Musk, propriet\u00e1rio do X (antigo Twitter), no inqu\u00e9rito sobre mil\u00edcias digitais antidemocr\u00e1ticas e seu poss\u00edvel financiamento. Moraes amplia o escopo do inqu\u00e9rito, determinando que o X cumpra rigorosamente todas as ordens judiciais emanadas do STF ou TSE, citando uma \u201cdolosa instrumentaliza\u00e7\u00e3o criminosa\u201d da rede social em casos de dissemina\u00e7\u00e3o de fake news e incita\u00e7\u00e3o de atos contra a democracia.<\/p>\n\n\n\n<p>Esta medida vem na esteira da an\u00e1lise das a\u00e7\u00f5es de figuras-chave do Google e do Telegram no Brasil, suspeitas de orquestrar campanhas contra o projeto de lei das Fake News e fomentar movimentos para um golpe de Estado.<\/p>\n\n\n\n<figure class=\"wp-block-image\"><a href=\"https:\/\/horabrasilia.com.br\/wp-content\/uploads\/2024\/04\/imagem-do-whatsapp-de-2024-04-07-as-210808-2f8a3a88.jpg\"><img src=\"https:\/\/horabrasilia.com.br\/wp-content\/uploads\/2024\/04\/imagem-do-whatsapp-de-2024-04-07-as-210808-2f8a3a88.jpg\" alt=\"\" class=\"wp-image-54675\"\/><\/a><\/figure>\n\n\n\n<p>Elon Musk, ao longo do fim de semana, agitou as redes com an\u00fancios sobre a remo\u00e7\u00e3o de restri\u00e7\u00f5es judiciais na sua plataforma, al\u00e9m de sugerir que Moraes deveria \u201crenunciar ou sofrer impeachment\u201d. Embora ainda n\u00e3o esteja claro se houve descumprimento de alguma ordem judicial pelo X, as declara\u00e7\u00f5es de Musk reacenderam o fervor dos apoiadores de Bolsonaro.<\/p>\n\n\n\n<p>O ex-presidente Jair Bolsonaro, sem mencionar as recentes falas de Musk ou Moraes, rememorou atrav\u00e9s de um v\u00eddeo um encontro com o empres\u00e1rio em 2022, chamando-o de \u201co mito da nossa liberdade\u201d.<\/p>\n","protected":false},"excerpt":{"rendered":"<p>Na noite deste domingo (7), uma decis\u00e3o do ministro Alexandre de Moraes, do STF, coloca Elon Musk, propriet\u00e1rio do X (antigo Twitter), no inqu\u00e9rito sobre mil\u00edcias digitais antidemocr\u00e1ticas e seu poss\u00edvel financiamento. Moraes amplia o escopo do inqu\u00e9rito, determinando que o X cumpra rigorosamente todas as ordens judiciais emanadas do STF ou TSE, citando uma [&hellip;]<\/p>\n","protected":false},"author":2,"featured_media":18913,"comment_status":"open","ping_status":"open","sticky":false,"template":"","format":"standard","meta":[],"categories":[4],"tags":[],"_links":{"self":[{"href":"https:\/\/dgospel.com.br\/portal\/index.php\/wp-json\/wp\/v2\/posts\/18912"}],"collection":[{"href":"https:\/\/dgospel.com.br\/portal\/index.php\/wp-json\/wp\/v2\/posts"}],"about":[{"href":"https:\/\/dgospel.com.br\/portal\/index.php\/wp-json\/wp\/v2\/types\/post"}],"author":[{"embeddable":true,"href":"https:\/\/dgospel.com.br\/portal\/index.php\/wp-json\/wp\/v2\/users\/2"}],"replies":[{"embeddable":true,"href":"https:\/\/dgospel.com.br\/portal\/index.php\/wp-json\/wp\/v2\/comments?post=18912"}],"version-history":[{"count":1,"href":"https:\/\/dgospel.com.br\/portal\/index.php\/wp-json\/wp\/v2\/posts\/18912\/revisions"}],"predecessor-version":[{"id":18914,"href":"https:\/\/dgospel.com.br\/portal\/index.php\/wp-json\/wp\/v2\/posts\/18912\/revisions\/18914"}],"wp:featuredmedia":[{"embeddable":true,"href":"https:\/\/dgospel.com.br\/portal\/index.php\/wp-json\/wp\/v2\/media\/18913"}],"wp:attachment":[{"href":"https:\/\/dgospel.com.br\/portal\/index.php\/wp-json\/wp\/v2\/media?parent=18912"}],"wp:term":[{"taxonomy":"category","embeddable":true,"href":"https:\/\/dgospel.com.br\/portal\/index.php\/wp-json\/wp\/v2\/categories?post=18912"},{"taxonomy":"post_tag","embeddable":true,"href":"https:\/\/dgospel.com.br\/portal\/index.php\/wp-json\/wp\/v2\/tags?post=18912"}],"curies":[{"name":"wp","href":"https:\/\/api.w.org\/{rel}","templated":true}]}}