{"id":18918,"date":"2024-04-08T12:29:41","date_gmt":"2024-04-08T15:29:41","guid":{"rendered":"https:\/\/dgospel.com.br\/portal\/?p=18918"},"modified":"2024-04-08T12:29:42","modified_gmt":"2024-04-08T15:29:42","slug":"midia-internacional-repercute-decisao-de-musk-contra-moraes","status":"publish","type":"post","link":"https:\/\/dgospel.com.br\/portal\/index.php\/2024\/04\/08\/midia-internacional-repercute-decisao-de-musk-contra-moraes\/","title":{"rendered":"M\u00eddia internacional repercute decis\u00e3o de Musk contra Moraes"},"content":{"rendered":"\n<p>Ve\u00edculos de m\u00eddia internacionais repercutiram nas \u00faltimas horas o posicionamento do empres\u00e1rio&nbsp;<a href=\"https:\/\/pleno.news\/tag\/elon-musk\" target=\"_blank\" rel=\"noreferrer noopener\">Elon Musk<\/a>, dono da rede social X, de derrubar a censura imposta pelo Judici\u00e1rio a perfis da rede social X no Brasil. Ao longo deste s\u00e1bado (6), Musk fez diversos pronunciamentos em seu perfil na plataforma questionando a postura do ministro Alexandre de Moraes, do Supremo Tribunal Federal (STF).<\/p>\n\n\n\n<p>\u2013 Estamos levantando todas as restri\u00e7\u00f5es. Este juiz aplicou multas pesadas, amea\u00e7ou prender nossos funcion\u00e1rios e cortou o acesso ao X no Brasil. As restri\u00e7\u00f5es de conte\u00fado no Brasil foram removidas \u2013 escreveu Musk na noite deste s\u00e1bado.<\/p>\n\n\n\n<p>Horas depois do pronunciamento de Musk, a ag\u00eancia de not\u00edcias Reuters publicou uma mat\u00e9ria com o t\u00edtulo&nbsp;<em>X desafia a ordem \u201cfor\u00e7ada\u201d do Brasil de bloquear certas contas<\/em>. Ao longo da reportagem, o ve\u00edculo lembrou que, no ano passado, Moraes j\u00e1 havia determinado uma investiga\u00e7\u00e3o sobre executivos do Telegram e do Google por causa de uma campanha contra o projeto de lei para regulamentar a internet.<\/p>\n\n\n\n<figure class=\"wp-block-image\"><img src=\"https:\/\/static.cdn.pleno.news\/2024\/04\/2024-04-07-14_34_38-Configura%C3%A7%C3%B5es-1024x765.png\" alt=\"\" class=\"wp-image-1304472\"\/><figcaption>Publica\u00e7\u00e3o da Reuters sobre pronunciamento de Musk&nbsp;Foto: Reprodu\u00e7\u00e3o\/Site Reuters<\/figcaption><\/figure>\n\n\n\n<p>Outro ve\u00edculo de m\u00eddia a repercutir o caso foi a ag\u00eancia Bloomberg. Em uma reportagem publicada j\u00e1 na madrugada deste domingo (7), a ag\u00eancia declarou que Musk estava levantando \u201crestri\u00e7\u00f5es sobre contas X no Brasil em desafio aos tribunais\u201d. Na mat\u00e9ria, o ve\u00edculo lembrou de outro epis\u00f3dio envolvendo redes sociais no Brasil: a proibi\u00e7\u00e3o tempor\u00e1ria do Telegram em abril do ano passado.<\/p>\n\n\n\n<figure class=\"wp-block-image\"><img src=\"https:\/\/static.cdn.pleno.news\/2024\/04\/2024-04-07-14_34_53-Elon-Musk%E2%80%99s-Lifts-Restrictions-on-X-Accounts-in-Brazil-in-Challenge-to-Court-B-1024x574.png\" alt=\"\" class=\"wp-image-1304473\"\/><figcaption>Publica\u00e7\u00e3o da Bloomberg sobre pronunciamento de Musk&nbsp;Foto: Reprodu\u00e7\u00e3o\/Site Bloomberg<\/figcaption><\/figure>\n","protected":false},"excerpt":{"rendered":"<p>Ve\u00edculos de m\u00eddia internacionais repercutiram nas \u00faltimas horas o posicionamento do empres\u00e1rio&nbsp;Elon Musk, dono da rede social X, de derrubar a censura imposta pelo Judici\u00e1rio a perfis da rede social X no Brasil. Ao longo deste s\u00e1bado (6), Musk fez diversos pronunciamentos em seu perfil na plataforma questionando a postura do ministro Alexandre de Moraes, [&hellip;]<\/p>\n","protected":false},"author":2,"featured_media":18919,"comment_status":"open","ping_status":"open","sticky":false,"template":"","format":"standard","meta":[],"categories":[16],"tags":[],"_links":{"self":[{"href":"https:\/\/dgospel.com.br\/portal\/index.php\/wp-json\/wp\/v2\/posts\/18918"}],"collection":[{"href":"https:\/\/dgospel.com.br\/portal\/index.php\/wp-json\/wp\/v2\/posts"}],"about":[{"href":"https:\/\/dgospel.com.br\/portal\/index.php\/wp-json\/wp\/v2\/types\/post"}],"author":[{"embeddable":true,"href":"https:\/\/dgospel.com.br\/portal\/index.php\/wp-json\/wp\/v2\/users\/2"}],"replies":[{"embeddable":true,"href":"https:\/\/dgospel.com.br\/portal\/index.php\/wp-json\/wp\/v2\/comments?post=18918"}],"version-history":[{"count":1,"href":"https:\/\/dgospel.com.br\/portal\/index.php\/wp-json\/wp\/v2\/posts\/18918\/revisions"}],"predecessor-version":[{"id":18920,"href":"https:\/\/dgospel.com.br\/portal\/index.php\/wp-json\/wp\/v2\/posts\/18918\/revisions\/18920"}],"wp:featuredmedia":[{"embeddable":true,"href":"https:\/\/dgospel.com.br\/portal\/index.php\/wp-json\/wp\/v2\/media\/18919"}],"wp:attachment":[{"href":"https:\/\/dgospel.com.br\/portal\/index.php\/wp-json\/wp\/v2\/media?parent=18918"}],"wp:term":[{"taxonomy":"category","embeddable":true,"href":"https:\/\/dgospel.com.br\/portal\/index.php\/wp-json\/wp\/v2\/categories?post=18918"},{"taxonomy":"post_tag","embeddable":true,"href":"https:\/\/dgospel.com.br\/portal\/index.php\/wp-json\/wp\/v2\/tags?post=18918"}],"curies":[{"name":"wp","href":"https:\/\/api.w.org\/{rel}","templated":true}]}}