{"id":18936,"date":"2024-04-09T22:47:41","date_gmt":"2024-04-10T01:47:41","guid":{"rendered":"https:\/\/dgospel.com.br\/portal\/?p=18936"},"modified":"2024-04-09T22:47:43","modified_gmt":"2024-04-10T01:47:43","slug":"musk-diz-que-moraes-tirou-lula-da-prisao-e-ajudou-a-eleger-o-petista","status":"publish","type":"post","link":"https:\/\/dgospel.com.br\/portal\/index.php\/2024\/04\/09\/musk-diz-que-moraes-tirou-lula-da-prisao-e-ajudou-a-eleger-o-petista\/","title":{"rendered":"Musk diz que Moraes tirou Lula da pris\u00e3o e ajudou a eleger o petista"},"content":{"rendered":"\n<p>Em mais um cap\u00edtulo do embate entre o dono da rede social X,&nbsp;<a href=\"http:\/\/pleno.news\/tag\/elon-musk\" target=\"_blank\" rel=\"noreferrer noopener\">Elon Musk<\/a>, e o ministro&nbsp;<a href=\"http:\/\/pleno.news\/tag\/alexandre-de-moraes\" target=\"_blank\" rel=\"noreferrer noopener\">Alexandre de Moraes<\/a>, do Supremo Tribunal Federal (STF), o bilion\u00e1rio afirmou que o magistrado teria tirado o presidente Luiz In\u00e1cio Lula da Silva (PT) da pris\u00e3o e ajudado a eleg\u00ea-lo. A declara\u00e7\u00e3o foi feita no perfil de Musk na rede X nesta segunda-feira (8).<\/p>\n\n\n\n<p>\u2013 Como Alexandre tirou Lula da pris\u00e3o e colocou o dedo na balan\u00e7a para eleger Lula, Lula obviamente n\u00e3o tomar\u00e1 nenhuma atitude contra ele. A pr\u00f3xima elei\u00e7\u00e3o ser\u00e1 fundamental \u2013 escreveu.<\/p>\n\n\n\n<p>A postagem em quest\u00e3o foi feita minutos ap\u00f3s outra na qual Musk instava o Parlamento do Brasil a levar em frente um processo de impeachment contra Moraes.<\/p>\n\n\n\n<p>\u2013 Porque \u00e9 que o parlamento permite que Alexandre de Moraes [tenha] o poder de um ditador brutal? Eles foram eleitos, ele n\u00e3o. Jogue-o fora \u2013 declarou.<\/p>\n\n\n\n<p><strong>EMBATE ENTRE MUSK E MORAES<br><\/strong>No \u00faltimo fim de semana, Elon Musk e Alexandre de Moraes travaram um embate que culminou at\u00e9 na inclus\u00e3o do bilion\u00e1rio no inqu\u00e9rito das mil\u00edcias digitais, que tramita no Supremo Tribunal Federal (STF). O \u201cconfronto\u201d come\u00e7ou ainda na madrugada do \u00faltimo s\u00e1bado (6), quando Musk questionou Moraes sobre a necessidade \u201cde tanta censura no Brasil\u201d.<strong><\/strong><\/p>\n\n\n\n<p>\u2013 Por que voc\u00ea est\u00e1 determinando tanta censura no Brasil? \u2013 indagou Musk em uma publica\u00e7\u00e3o feita por Moraes em janeiro, na rede social X, na qual o ministro do STF parabenizava Ricardo Lewandowski pelo novo cargo de ministro da Justi\u00e7a e Seguran\u00e7a P\u00fablica.<\/p>\n\n\n\n<figure class=\"wp-block-image\"><img src=\"https:\/\/static.cdn.pleno.news\/2024\/04\/Screenshot_561.png\" alt=\"\" class=\"wp-image-1304194\"\/><figcaption>Musk indagou Moraes sobre censura&nbsp;Foto: Reprodu\u00e7\u00e3o\/Rede Social X<\/figcaption><\/figure>\n\n\n\n<p>Horas depois, em uma s\u00e9rie de publica\u00e7\u00f5es na plataforma, o empres\u00e1rio disse que iria restaurar as contas banidas por decis\u00f5es do ministro, ainda que isso levasse o X a deixar sua representa\u00e7\u00e3o no Brasil e a perder receitas.<\/p>\n\n\n\n<p>\u2013 Estamos levantando todas as restri\u00e7\u00f5es. Este juiz aplicou multas pesadas, amea\u00e7ou prender nossos funcion\u00e1rios e cortou o acesso ao X no Brasil. As restri\u00e7\u00f5es de conte\u00fado no Brasil foram removidas \u2013 afirmou.<\/p>\n\n\n\n<figure class=\"wp-block-image\"><img src=\"https:\/\/static.cdn.pleno.news\/2024\/04\/Musk-disse-que-levantaria-as-restri%C3%A7%C3%B5es-aplicadas-pelo-Judici%C3%A1rio-brasileiro.jpg\" alt=\"\" class=\"wp-image-1304643\"\/><figcaption>Musk disse que levantaria as restri\u00e7\u00f5es aplicadas pelo Judici\u00e1rio brasileiro&nbsp;Foto: Reprodu\u00e7\u00e3o\/Rede Social X<\/figcaption><\/figure>\n\n\n\n<p>No in\u00edcio da tarde do \u00faltimo domingo (7), Musk foi ainda mais incisivo no embate contra o ministro e afirmou que o X publicaria tudo o que j\u00e1 tinha sido exigido pelo magistrado e \u201ccomo essas solicita\u00e7\u00f5es violam a legisla\u00e7\u00e3o brasileira\u201d.<\/p>\n\n\n\n<p>\u2013 Este juiz traiu descaradamente e repetidamente a constitui\u00e7\u00e3o e o povo do Brasil. Ele deveria renunciar ou sofrer impeachment. Vergonha, Alexandre de Moraes, vergonha \u2013 afirmou.<\/p>\n\n\n\n<figure class=\"wp-block-image\"><img src=\"https:\/\/static.cdn.pleno.news\/2024\/04\/Musk-diz-que-Moraes-deveria-renunciar-ou-sofrer-impeachment.png\" alt=\"\" class=\"wp-image-1304455\"\/><figcaption>Musk diz que Moraes deveria renunciar ou sofrer impeachment&nbsp;Foto: Reprodu\u00e7\u00e3o\/Rede Social X<\/figcaption><\/figure>\n\n\n\n<p>Depois das manifesta\u00e7\u00f5es de Musk, Alexandre de Moraes incluiu, tamb\u00e9m neste domingo, o dono da rede social X como investigado no inqu\u00e9rito das mil\u00edcias digitais pelo que chamou de \u201cdolosa instrumentaliza\u00e7\u00e3o\u201d da plataforma.<\/p>\n\n\n\n<p>O magistrado tamb\u00e9m determinou a abertura de outro inqu\u00e9rito para investigar o bilion\u00e1rio por suposta obstru\u00e7\u00e3o da Justi\u00e7a \u201cinclusive em organiza\u00e7\u00e3o criminosa e incita\u00e7\u00e3o ao crime\u201d.<\/p>\n\n\n\n<p>Moraes ordenou que a rede social X n\u00e3o venha a \u201cdesobedecer qualquer ordem judicial j\u00e1 emanada\u201d pela Justi\u00e7a do Brasil, mencionando a reativa\u00e7\u00e3o de perfis que est\u00e3o bloqueados na plataforma por determina\u00e7\u00e3o do STF ou do TSE. Caso haja descumprimento, foi estabelecida uma multa di\u00e1ria por perfil no valor de R$ 100 mil.<\/p>\n","protected":false},"excerpt":{"rendered":"<p>Em mais um cap\u00edtulo do embate entre o dono da rede social X,&nbsp;Elon Musk, e o ministro&nbsp;Alexandre de Moraes, do Supremo Tribunal Federal (STF), o bilion\u00e1rio afirmou que o magistrado teria tirado o presidente Luiz In\u00e1cio Lula da Silva (PT) da pris\u00e3o e ajudado a eleg\u00ea-lo. A declara\u00e7\u00e3o foi feita no perfil de Musk na [&hellip;]<\/p>\n","protected":false},"author":2,"featured_media":18937,"comment_status":"open","ping_status":"open","sticky":false,"template":"","format":"standard","meta":[],"categories":[10],"tags":[],"_links":{"self":[{"href":"https:\/\/dgospel.com.br\/portal\/index.php\/wp-json\/wp\/v2\/posts\/18936"}],"collection":[{"href":"https:\/\/dgospel.com.br\/portal\/index.php\/wp-json\/wp\/v2\/posts"}],"about":[{"href":"https:\/\/dgospel.com.br\/portal\/index.php\/wp-json\/wp\/v2\/types\/post"}],"author":[{"embeddable":true,"href":"https:\/\/dgospel.com.br\/portal\/index.php\/wp-json\/wp\/v2\/users\/2"}],"replies":[{"embeddable":true,"href":"https:\/\/dgospel.com.br\/portal\/index.php\/wp-json\/wp\/v2\/comments?post=18936"}],"version-history":[{"count":1,"href":"https:\/\/dgospel.com.br\/portal\/index.php\/wp-json\/wp\/v2\/posts\/18936\/revisions"}],"predecessor-version":[{"id":18938,"href":"https:\/\/dgospel.com.br\/portal\/index.php\/wp-json\/wp\/v2\/posts\/18936\/revisions\/18938"}],"wp:featuredmedia":[{"embeddable":true,"href":"https:\/\/dgospel.com.br\/portal\/index.php\/wp-json\/wp\/v2\/media\/18937"}],"wp:attachment":[{"href":"https:\/\/dgospel.com.br\/portal\/index.php\/wp-json\/wp\/v2\/media?parent=18936"}],"wp:term":[{"taxonomy":"category","embeddable":true,"href":"https:\/\/dgospel.com.br\/portal\/index.php\/wp-json\/wp\/v2\/categories?post=18936"},{"taxonomy":"post_tag","embeddable":true,"href":"https:\/\/dgospel.com.br\/portal\/index.php\/wp-json\/wp\/v2\/tags?post=18936"}],"curies":[{"name":"wp","href":"https:\/\/api.w.org\/{rel}","templated":true}]}}