{"id":18939,"date":"2024-04-09T22:49:42","date_gmt":"2024-04-10T01:49:42","guid":{"rendered":"https:\/\/dgospel.com.br\/portal\/?p=18939"},"modified":"2024-04-09T22:49:43","modified_gmt":"2024-04-10T01:49:43","slug":"8-1-whatsapp-derruba-conta-de-grupo-que-pede-anistia-a-presos","status":"publish","type":"post","link":"https:\/\/dgospel.com.br\/portal\/index.php\/2024\/04\/09\/8-1-whatsapp-derruba-conta-de-grupo-que-pede-anistia-a-presos\/","title":{"rendered":"8\/1: WhatsApp derruba conta de grupo que pede anistia a presos"},"content":{"rendered":"\n<p>A Associa\u00e7\u00e3o dos Familiares e V\u00edtimas do 8 de janeiro (Asfav) relatou, nesta ter\u00e7a-feira (9), que o WhatsApp do grupo n\u00e3o est\u00e1 mais em funcionamento.<\/p>\n\n\n\n<p>A conta tinha a finalidade de auxiliar na busca por assinaturas que a entidade coleta a fim de brigar por anistia \u00e0s pessoas presas na manifesta\u00e7\u00e3o no Distrito Federal.<\/p>\n\n\n\n<p>Trata-se de um comunicado que aparece na tela do celular da institui\u00e7\u00e3o informando que a conta sofreu restri\u00e7\u00e3o, porque o n\u00famero estaria \u201cviolando a pol\u00edtica comercial do WhatsApp\u201d.<\/p>\n\n\n\n<p>A Asfav deu in\u00edcio, nesta segunda (8), a uma campanha para obter perd\u00e3o aos detidos. Gabriela Ritter, presidente da institui\u00e7\u00e3o, diz que o objetivo \u00e9 alcan\u00e7ar 1,6 milh\u00e3o de rubricas em todo o territ\u00f3rio nacional.<\/p>\n\n\n\n<p>Ritter antecipou que essa iniciativa vai se chamar Cleriston da Cunha, em homenagem ao Clez\u00e3o, o empres\u00e1rio morto enquanto detido no pres\u00eddio da Papuda, acometido por um mal s\u00fabito, ap\u00f3s diversas manifesta\u00e7\u00f5es pela sua soltura, inclusive pela Procuradoria-Geral da Rep\u00fablica (PGR), ao Supremo Tribunal Federal (STF).<\/p>\n","protected":false},"excerpt":{"rendered":"<p>A Associa\u00e7\u00e3o dos Familiares e V\u00edtimas do 8 de janeiro (Asfav) relatou, nesta ter\u00e7a-feira (9), que o WhatsApp do grupo n\u00e3o est\u00e1 mais em funcionamento. A conta tinha a finalidade de auxiliar na busca por assinaturas que a entidade coleta a fim de brigar por anistia \u00e0s pessoas presas na manifesta\u00e7\u00e3o no Distrito Federal. Trata-se [&hellip;]<\/p>\n","protected":false},"author":2,"featured_media":18940,"comment_status":"open","ping_status":"open","sticky":false,"template":"","format":"standard","meta":[],"categories":[11,12,10],"tags":[],"_links":{"self":[{"href":"https:\/\/dgospel.com.br\/portal\/index.php\/wp-json\/wp\/v2\/posts\/18939"}],"collection":[{"href":"https:\/\/dgospel.com.br\/portal\/index.php\/wp-json\/wp\/v2\/posts"}],"about":[{"href":"https:\/\/dgospel.com.br\/portal\/index.php\/wp-json\/wp\/v2\/types\/post"}],"author":[{"embeddable":true,"href":"https:\/\/dgospel.com.br\/portal\/index.php\/wp-json\/wp\/v2\/users\/2"}],"replies":[{"embeddable":true,"href":"https:\/\/dgospel.com.br\/portal\/index.php\/wp-json\/wp\/v2\/comments?post=18939"}],"version-history":[{"count":1,"href":"https:\/\/dgospel.com.br\/portal\/index.php\/wp-json\/wp\/v2\/posts\/18939\/revisions"}],"predecessor-version":[{"id":18941,"href":"https:\/\/dgospel.com.br\/portal\/index.php\/wp-json\/wp\/v2\/posts\/18939\/revisions\/18941"}],"wp:featuredmedia":[{"embeddable":true,"href":"https:\/\/dgospel.com.br\/portal\/index.php\/wp-json\/wp\/v2\/media\/18940"}],"wp:attachment":[{"href":"https:\/\/dgospel.com.br\/portal\/index.php\/wp-json\/wp\/v2\/media?parent=18939"}],"wp:term":[{"taxonomy":"category","embeddable":true,"href":"https:\/\/dgospel.com.br\/portal\/index.php\/wp-json\/wp\/v2\/categories?post=18939"},{"taxonomy":"post_tag","embeddable":true,"href":"https:\/\/dgospel.com.br\/portal\/index.php\/wp-json\/wp\/v2\/tags?post=18939"}],"curies":[{"name":"wp","href":"https:\/\/api.w.org\/{rel}","templated":true}]}}