{"id":18942,"date":"2024-04-09T22:51:32","date_gmt":"2024-04-10T01:51:32","guid":{"rendered":"https:\/\/dgospel.com.br\/portal\/?p=18942"},"modified":"2024-04-09T22:51:33","modified_gmt":"2024-04-10T01:51:33","slug":"pgr-nao-identifica-tentativa-de-asilo-politico-de-bolsonaro","status":"publish","type":"post","link":"https:\/\/dgospel.com.br\/portal\/index.php\/2024\/04\/09\/pgr-nao-identifica-tentativa-de-asilo-politico-de-bolsonaro\/","title":{"rendered":"PGR n\u00e3o identifica tentativa de asilo pol\u00edtico de Bolsonaro"},"content":{"rendered":"\n<p>Para a Procuradoria-Geral da Rep\u00fablica (PGR), o fato do ex-presidente Jair Bolsonaro (PL) ter dormido na Embaixada da Hungria, em Bras\u00edlia (DF), n\u00e3o identifica tentativa de asilo pol\u00edtico. O \u00f3rg\u00e3o deu este parecer ao Supremo Tribunal Federal (STF) que investiga o caso.<\/p>\n\n\n\n<p>A PGR foi invocada pelo ministro Alexandre de Moraes que tinha dado prazo at\u00e9 a \u00faltima sexta-feira (5) para que o \u00f3rg\u00e3o se manifestasse. Com as considera\u00e7\u00f5es do procurador-geral, Paulo Gonet, Moraes poder\u00e1 dar seguimento ao caso que est\u00e1 sob sigilo.<\/p>\n\n\n\n<p>At\u00e9 ent\u00e3o, acreditava-se que a estadia de Bolsonaro na Embaixada da Hungria tinha como inten\u00e7\u00e3o pedir asilo pol\u00edtico e assim evitar uma poss\u00edvel pris\u00e3o. O motivo \u00e9 que o ex-presidente teve seu passaporte apreendido, em opera\u00e7\u00e3o da Pol\u00edcia Federal, a mando de Moraes e n\u00e3o pode deixar o pa\u00eds.<\/p>\n\n\n\n<p>Em meados de fevereiro deste ano, Bolsonaro ficou duas noites na embaixada da Hungria e a informa\u00e7\u00e3o foi vazada por funcion\u00e1rios do local para o jornal americano The News York Times.<\/p>\n\n\n\n<p>Ao comentar sobre o caso, o ex-presidente afirmou que n\u00e3o tinha nenhuma inten\u00e7\u00e3o d\u00fabia nessa visita e a defesa do pol\u00edtico garantiu que a hip\u00f3tese de evitar uma poss\u00edvel pris\u00e3o \u00e9 \u201cil\u00f3gica\u201d.<\/p>\n","protected":false},"excerpt":{"rendered":"<p>Para a Procuradoria-Geral da Rep\u00fablica (PGR), o fato do ex-presidente Jair Bolsonaro (PL) ter dormido na Embaixada da Hungria, em Bras\u00edlia (DF), n\u00e3o identifica tentativa de asilo pol\u00edtico. O \u00f3rg\u00e3o deu este parecer ao Supremo Tribunal Federal (STF) que investiga o caso. A PGR foi invocada pelo ministro Alexandre de Moraes que tinha dado prazo [&hellip;]<\/p>\n","protected":false},"author":2,"featured_media":18943,"comment_status":"open","ping_status":"open","sticky":false,"template":"","format":"standard","meta":[],"categories":[11,12,4],"tags":[],"_links":{"self":[{"href":"https:\/\/dgospel.com.br\/portal\/index.php\/wp-json\/wp\/v2\/posts\/18942"}],"collection":[{"href":"https:\/\/dgospel.com.br\/portal\/index.php\/wp-json\/wp\/v2\/posts"}],"about":[{"href":"https:\/\/dgospel.com.br\/portal\/index.php\/wp-json\/wp\/v2\/types\/post"}],"author":[{"embeddable":true,"href":"https:\/\/dgospel.com.br\/portal\/index.php\/wp-json\/wp\/v2\/users\/2"}],"replies":[{"embeddable":true,"href":"https:\/\/dgospel.com.br\/portal\/index.php\/wp-json\/wp\/v2\/comments?post=18942"}],"version-history":[{"count":1,"href":"https:\/\/dgospel.com.br\/portal\/index.php\/wp-json\/wp\/v2\/posts\/18942\/revisions"}],"predecessor-version":[{"id":18944,"href":"https:\/\/dgospel.com.br\/portal\/index.php\/wp-json\/wp\/v2\/posts\/18942\/revisions\/18944"}],"wp:featuredmedia":[{"embeddable":true,"href":"https:\/\/dgospel.com.br\/portal\/index.php\/wp-json\/wp\/v2\/media\/18943"}],"wp:attachment":[{"href":"https:\/\/dgospel.com.br\/portal\/index.php\/wp-json\/wp\/v2\/media?parent=18942"}],"wp:term":[{"taxonomy":"category","embeddable":true,"href":"https:\/\/dgospel.com.br\/portal\/index.php\/wp-json\/wp\/v2\/categories?post=18942"},{"taxonomy":"post_tag","embeddable":true,"href":"https:\/\/dgospel.com.br\/portal\/index.php\/wp-json\/wp\/v2\/tags?post=18942"}],"curies":[{"name":"wp","href":"https:\/\/api.w.org\/{rel}","templated":true}]}}