{"id":18945,"date":"2024-04-09T22:54:05","date_gmt":"2024-04-10T01:54:05","guid":{"rendered":"https:\/\/dgospel.com.br\/portal\/?p=18945"},"modified":"2024-04-09T22:54:06","modified_gmt":"2024-04-10T01:54:06","slug":"homem-preso-por-elo-com-pcc-doou-a-coordenador-de-boulos","status":"publish","type":"post","link":"https:\/\/dgospel.com.br\/portal\/index.php\/2024\/04\/09\/homem-preso-por-elo-com-pcc-doou-a-coordenador-de-boulos\/","title":{"rendered":"Homem preso por elo com PCC doou a coordenador de Boulos"},"content":{"rendered":"\n<p>O empres\u00e1rio Luiz Carlos Efig\u00eanio Pacheco, dono da empresa de \u00f4nibus Transwolff, foi preso nesta ter\u00e7a-feira (9) em uma opera\u00e7\u00e3o do Minist\u00e9rio P\u00fablico que investiga empresas de transporte suspeitas de liga\u00e7\u00e3o com o Primeiro Comando da Capital (PCC).<\/p>\n\n\n\n<p>Durante a investiga\u00e7\u00e3o, foi revelado que Pacheco fez uma doa\u00e7\u00e3o de R$ 75 mil na elei\u00e7\u00e3o de 2020 para Antonio Donato, do PT, que era candidato a vereador em S\u00e3o Paulo e hoje \u00e9 coordenador da pr\u00e9-campanha a prefeito de Guilherme Boulos (PSOL). Na \u00e9poca, Donato era candidato a vereador em S\u00e3o Paulo e atualmente \u00e9 deputado estadual.<\/p>\n\n\n\n<p>A doa\u00e7\u00e3o de Pacheco foi a segunda maior feita por uma pessoa f\u00edsica para Donato naquela elei\u00e7\u00e3o, e o dinheiro foi utilizado em sua campanha, na qual ele se elegeu vereador. Ao ser questionado, Donato afirmou que a doa\u00e7\u00e3o foi feita de forma oficial e que n\u00e3o v\u00ea problema nisso. Ele tamb\u00e9m disse que n\u00e3o possui uma rela\u00e7\u00e3o pr\u00f3xima com o empres\u00e1rio e que o conheceu em 2012, quando ele se aproximou para comentar sobre um caso isolado envolvendo uma cooperativa de transporte.<\/p>\n\n\n\n<p>Sobre as suspeitas de liga\u00e7\u00e3o da Transwolff com o PCC, Donato preferiu n\u00e3o opinar, ressaltando que tudo deve ser devidamente investigado.<\/p>\n","protected":false},"excerpt":{"rendered":"<p>O empres\u00e1rio Luiz Carlos Efig\u00eanio Pacheco, dono da empresa de \u00f4nibus Transwolff, foi preso nesta ter\u00e7a-feira (9) em uma opera\u00e7\u00e3o do Minist\u00e9rio P\u00fablico que investiga empresas de transporte suspeitas de liga\u00e7\u00e3o com o Primeiro Comando da Capital (PCC). Durante a investiga\u00e7\u00e3o, foi revelado que Pacheco fez uma doa\u00e7\u00e3o de R$ 75 mil na elei\u00e7\u00e3o de [&hellip;]<\/p>\n","protected":false},"author":2,"featured_media":18946,"comment_status":"open","ping_status":"open","sticky":false,"template":"","format":"standard","meta":[],"categories":[4],"tags":[],"_links":{"self":[{"href":"https:\/\/dgospel.com.br\/portal\/index.php\/wp-json\/wp\/v2\/posts\/18945"}],"collection":[{"href":"https:\/\/dgospel.com.br\/portal\/index.php\/wp-json\/wp\/v2\/posts"}],"about":[{"href":"https:\/\/dgospel.com.br\/portal\/index.php\/wp-json\/wp\/v2\/types\/post"}],"author":[{"embeddable":true,"href":"https:\/\/dgospel.com.br\/portal\/index.php\/wp-json\/wp\/v2\/users\/2"}],"replies":[{"embeddable":true,"href":"https:\/\/dgospel.com.br\/portal\/index.php\/wp-json\/wp\/v2\/comments?post=18945"}],"version-history":[{"count":1,"href":"https:\/\/dgospel.com.br\/portal\/index.php\/wp-json\/wp\/v2\/posts\/18945\/revisions"}],"predecessor-version":[{"id":18947,"href":"https:\/\/dgospel.com.br\/portal\/index.php\/wp-json\/wp\/v2\/posts\/18945\/revisions\/18947"}],"wp:featuredmedia":[{"embeddable":true,"href":"https:\/\/dgospel.com.br\/portal\/index.php\/wp-json\/wp\/v2\/media\/18946"}],"wp:attachment":[{"href":"https:\/\/dgospel.com.br\/portal\/index.php\/wp-json\/wp\/v2\/media?parent=18945"}],"wp:term":[{"taxonomy":"category","embeddable":true,"href":"https:\/\/dgospel.com.br\/portal\/index.php\/wp-json\/wp\/v2\/categories?post=18945"},{"taxonomy":"post_tag","embeddable":true,"href":"https:\/\/dgospel.com.br\/portal\/index.php\/wp-json\/wp\/v2\/tags?post=18945"}],"curies":[{"name":"wp","href":"https:\/\/api.w.org\/{rel}","templated":true}]}}