{"id":18951,"date":"2024-04-09T23:04:09","date_gmt":"2024-04-10T02:04:09","guid":{"rendered":"https:\/\/dgospel.com.br\/portal\/?p=18951"},"modified":"2024-04-09T23:04:10","modified_gmt":"2024-04-10T02:04:10","slug":"comissao-da-camara-aprova-mocao-de-aplausos-a-elon-musk","status":"publish","type":"post","link":"https:\/\/dgospel.com.br\/portal\/index.php\/2024\/04\/09\/comissao-da-camara-aprova-mocao-de-aplausos-a-elon-musk\/","title":{"rendered":"Comiss\u00e3o da C\u00e2mara aprova mo\u00e7\u00e3o de  aplausos a Elon Musk"},"content":{"rendered":"\n<p>A Comiss\u00e3o de Seguran\u00e7a P\u00fablica da C\u00e2mara dos Deputados aprovou, nesta ter\u00e7a-feira (9), em vota\u00e7\u00e3o simb\u00f3lica, uma mo\u00e7\u00e3o de aplausos e louvor ao empres\u00e1rio Elon Musk, propriet\u00e1rio da rede social X. De acordo com o texto, ele est\u00e1 sendo honrado por \u201cexpor e enfrentar a censura pol\u00edtica e infundada imposta pela Justi\u00e7a brasileira contra os usu\u00e1rios da plataforma no pa\u00eds\u201d.<\/p>\n\n\n\n<p>\u2013 Ao abrir os arquivos do X, antigo Twitter, Elon Musk mostrou ao mundo a inacredit\u00e1vel e lament\u00e1vel press\u00e3o da Justi\u00e7a brasileira, representada por seu ministro do STF Alexandre de Moraes, para obter, ilegalmente, dados de usu\u00e1rios da plataforma \u2013 disse o autor da proposi\u00e7\u00e3o, Coronel Meira (PL-PE).<\/p>\n\n\n\n<p>Para o deputado, \u201cfoi n\u00edtido, e bastante vexat\u00f3rio, observar que os colaboradores da rede social respeitavam mais a Legisla\u00e7\u00e3o P\u00e1tria do que aquele que tem o dever funcional de faz\u00ea-lo\u201d.<\/p>\n\n\n\n<p>\u2013 Al\u00e9m disso, Musk fez um questionamento direto ao ministro Alexandre de Moraes sobre a censura e, para completar, anunciou que vai rever todos os usu\u00e1rios bloqueados ao arrepio da lei \u2013 afirmou o parlamentar em seu requerimento.<\/p>\n","protected":false},"excerpt":{"rendered":"<p>A Comiss\u00e3o de Seguran\u00e7a P\u00fablica da C\u00e2mara dos Deputados aprovou, nesta ter\u00e7a-feira (9), em vota\u00e7\u00e3o simb\u00f3lica, uma mo\u00e7\u00e3o de aplausos e louvor ao empres\u00e1rio Elon Musk, propriet\u00e1rio da rede social X. De acordo com o texto, ele est\u00e1 sendo honrado por \u201cexpor e enfrentar a censura pol\u00edtica e infundada imposta pela Justi\u00e7a brasileira contra os [&hellip;]<\/p>\n","protected":false},"author":2,"featured_media":18952,"comment_status":"open","ping_status":"open","sticky":false,"template":"","format":"standard","meta":[],"categories":[8],"tags":[],"_links":{"self":[{"href":"https:\/\/dgospel.com.br\/portal\/index.php\/wp-json\/wp\/v2\/posts\/18951"}],"collection":[{"href":"https:\/\/dgospel.com.br\/portal\/index.php\/wp-json\/wp\/v2\/posts"}],"about":[{"href":"https:\/\/dgospel.com.br\/portal\/index.php\/wp-json\/wp\/v2\/types\/post"}],"author":[{"embeddable":true,"href":"https:\/\/dgospel.com.br\/portal\/index.php\/wp-json\/wp\/v2\/users\/2"}],"replies":[{"embeddable":true,"href":"https:\/\/dgospel.com.br\/portal\/index.php\/wp-json\/wp\/v2\/comments?post=18951"}],"version-history":[{"count":1,"href":"https:\/\/dgospel.com.br\/portal\/index.php\/wp-json\/wp\/v2\/posts\/18951\/revisions"}],"predecessor-version":[{"id":18953,"href":"https:\/\/dgospel.com.br\/portal\/index.php\/wp-json\/wp\/v2\/posts\/18951\/revisions\/18953"}],"wp:featuredmedia":[{"embeddable":true,"href":"https:\/\/dgospel.com.br\/portal\/index.php\/wp-json\/wp\/v2\/media\/18952"}],"wp:attachment":[{"href":"https:\/\/dgospel.com.br\/portal\/index.php\/wp-json\/wp\/v2\/media?parent=18951"}],"wp:term":[{"taxonomy":"category","embeddable":true,"href":"https:\/\/dgospel.com.br\/portal\/index.php\/wp-json\/wp\/v2\/categories?post=18951"},{"taxonomy":"post_tag","embeddable":true,"href":"https:\/\/dgospel.com.br\/portal\/index.php\/wp-json\/wp\/v2\/tags?post=18951"}],"curies":[{"name":"wp","href":"https:\/\/api.w.org\/{rel}","templated":true}]}}