{"id":18957,"date":"2024-04-09T23:18:18","date_gmt":"2024-04-10T02:18:18","guid":{"rendered":"https:\/\/dgospel.com.br\/portal\/?p=18957"},"modified":"2024-04-09T23:18:18","modified_gmt":"2024-04-10T02:18:18","slug":"camara-aprova-a-volta-do-seguro-obrigatorio-dpvat","status":"publish","type":"post","link":"https:\/\/dgospel.com.br\/portal\/index.php\/2024\/04\/09\/camara-aprova-a-volta-do-seguro-obrigatorio-dpvat\/","title":{"rendered":"C\u00e2mara aprova a volta do seguro obrigat\u00f3rio DPVAT"},"content":{"rendered":"\n<p>A C\u00e2mara dos Deputados aprovou nesta ter\u00e7a-feira (9) um projeto de lei que recria o seguro obrigat\u00f3rio para acidentes de tr\u00e2nsito, o DPVAT. A mat\u00e9ria representava uma aposta do governo, que optou por renomear o seguro para SPVAT (Seguro Obrigat\u00f3rio para Prote\u00e7\u00e3o de V\u00edtimas de Acidentes de Tr\u00e2nsito). A Caixa Econ\u00f4mica Federal ser\u00e1 a respons\u00e1vel por pagar as indeniza\u00e7\u00f5es. A proposta foi aprovada por 304 votos a favor e 136 contra. Agora, a mat\u00e9ria ser\u00e1 analisada pelo Senado.<\/p>\n\n\n\n<p>Pelo texto, todos os propriet\u00e1rios de ve\u00edculos automotores ser\u00e3o obrigados a pagar o seguro, que cobrir\u00e1 danos civis, pagando indeniza\u00e7\u00f5es por morte ou invalidez total ou parcial. Os valores das indeniza\u00e7\u00f5es ser\u00e3o determinados por decreto do presidente da Rep\u00fablica, e os pagamentos ser\u00e3o feitos mesmo se o motorista for culpado ou estiver inadimplente.<\/p>\n\n\n\n<p>Durante a discuss\u00e3o do texto no plen\u00e1rio, o relator concordou em estender a prote\u00e7\u00e3o \u00e0s v\u00edtimas de acidentes de tr\u00e2nsito ocorridos de 1\u00ba de janeiro de 2024 at\u00e9 a data em que a lei entrar em vigor.<\/p>\n\n\n\n<p>Al\u00e9m disso, o relator tamb\u00e9m incluiu um trecho na lei que destina entre 35% e 40% do valor arrecadado com o pr\u00eamio do seguro, pago pelos propriet\u00e1rios de ve\u00edculos, aos munic\u00edpios e estados que possuam servi\u00e7os municipais ou metropolitanos de transporte p\u00fablico coletivo.<\/p>\n\n\n\n<p>O seguro foi criado em 1974 para indenizar v\u00edtimas de acidentes de tr\u00e2nsito. Entretanto, o DPVAT foi descontinuado em 2020 por meio de uma medida provis\u00f3ria assinada pelo ent\u00e3o presidente Jair Bolsonaro. No ano seguinte, em 2021, o Conselho Nacional de Seguros Privados (CNSP) parou de efetuar o pagamento dos recursos.<\/p>\n","protected":false},"excerpt":{"rendered":"<p>A C\u00e2mara dos Deputados aprovou nesta ter\u00e7a-feira (9) um projeto de lei que recria o seguro obrigat\u00f3rio para acidentes de tr\u00e2nsito, o DPVAT. A mat\u00e9ria representava uma aposta do governo, que optou por renomear o seguro para SPVAT (Seguro Obrigat\u00f3rio para Prote\u00e7\u00e3o de V\u00edtimas de Acidentes de Tr\u00e2nsito). A Caixa Econ\u00f4mica Federal ser\u00e1 a respons\u00e1vel [&hellip;]<\/p>\n","protected":false},"author":2,"featured_media":18958,"comment_status":"open","ping_status":"open","sticky":false,"template":"","format":"standard","meta":[],"categories":[8],"tags":[],"_links":{"self":[{"href":"https:\/\/dgospel.com.br\/portal\/index.php\/wp-json\/wp\/v2\/posts\/18957"}],"collection":[{"href":"https:\/\/dgospel.com.br\/portal\/index.php\/wp-json\/wp\/v2\/posts"}],"about":[{"href":"https:\/\/dgospel.com.br\/portal\/index.php\/wp-json\/wp\/v2\/types\/post"}],"author":[{"embeddable":true,"href":"https:\/\/dgospel.com.br\/portal\/index.php\/wp-json\/wp\/v2\/users\/2"}],"replies":[{"embeddable":true,"href":"https:\/\/dgospel.com.br\/portal\/index.php\/wp-json\/wp\/v2\/comments?post=18957"}],"version-history":[{"count":1,"href":"https:\/\/dgospel.com.br\/portal\/index.php\/wp-json\/wp\/v2\/posts\/18957\/revisions"}],"predecessor-version":[{"id":18959,"href":"https:\/\/dgospel.com.br\/portal\/index.php\/wp-json\/wp\/v2\/posts\/18957\/revisions\/18959"}],"wp:featuredmedia":[{"embeddable":true,"href":"https:\/\/dgospel.com.br\/portal\/index.php\/wp-json\/wp\/v2\/media\/18958"}],"wp:attachment":[{"href":"https:\/\/dgospel.com.br\/portal\/index.php\/wp-json\/wp\/v2\/media?parent=18957"}],"wp:term":[{"taxonomy":"category","embeddable":true,"href":"https:\/\/dgospel.com.br\/portal\/index.php\/wp-json\/wp\/v2\/categories?post=18957"},{"taxonomy":"post_tag","embeddable":true,"href":"https:\/\/dgospel.com.br\/portal\/index.php\/wp-json\/wp\/v2\/tags?post=18957"}],"curies":[{"name":"wp","href":"https:\/\/api.w.org\/{rel}","templated":true}]}}