{"id":18960,"date":"2024-04-09T23:23:13","date_gmt":"2024-04-10T02:23:13","guid":{"rendered":"https:\/\/dgospel.com.br\/portal\/?p=18960"},"modified":"2024-04-24T21:10:36","modified_gmt":"2024-04-25T00:10:36","slug":"governo-do-tocantins-e-procuradoria-da-republica-celebram-acordo-para-acoes-na-area-de-defesa-agropecuaria","status":"publish","type":"post","link":"https:\/\/dgospel.com.br\/portal\/index.php\/2024\/04\/09\/governo-do-tocantins-e-procuradoria-da-republica-celebram-acordo-para-acoes-na-area-de-defesa-agropecuaria\/","title":{"rendered":"Governo do Tocantins e Procuradoria da Rep\u00fablica celebram acordo para a\u00e7\u00f5es na \u00e1rea de defesa agropecu\u00e1ria"},"content":{"rendered":"\n<p>O Governo do Tocantins, por meio da Ag\u00eancia de Defesa Agropecu\u00e1ria (Adapec), e a Procuradoria da Rep\u00fablica (PR) no estado do Tocantins assinaram na manh\u00e3 desta ter\u00e7a-feira, 9, um acordo \u00e0 m\u00fatua colabora\u00e7\u00e3o entre as partes para troca de informa\u00e7\u00f5es com a finalidade exclusiva de obter dados para subsidiar a instru\u00e7\u00e3o de processos judiciais e administrativos no que refere-se \u00e0 defesa agropecu\u00e1ria.<\/p>\n\n\n\n<p>O compartilhamento das informa\u00e7\u00f5es interinstitucionais ser\u00e1 realizado por meio do Sistema Informatizado de Defesa Agropecu\u00e1ria (Sidato). \u201cA cess\u00e3o dos dados \u00e9 pautada no interesse p\u00fablico e na observ\u00e2ncia da Lei Geral de Prote\u00e7\u00e3o de Dados Pessoais e da Lei de Acesso \u00e0 Informa\u00e7\u00e3o, para que possamos zelar pela lisura e pela transpar\u00eancia que v\u00e3o auxiliar as atividades jur\u00eddicas e administrativas\u201d, afirmou o presidente da Adapec, Paulo Lima.<\/p>\n\n\n\n<p>Da PR, participaram da reuni\u00e3o o procurador-chefe \u00c1lvaro Manzano; o chefe da se\u00e7\u00e3o de Pesquisa e An\u00e1lise, Samuel Miranda Ac\u00e1cio J\u00fanior; o chefe substituto da se\u00e7\u00e3o de Pesquisa e An\u00e1lise, Herickson Fl\u00e1vio Bezerra Passos Botelho. Da Adapec, al\u00e9m do presidente, participaram o vice-presidente Lenito Abreu, o assessor jur\u00eddico da Adapec, Francisco de Assis, e demais servidores.<\/p>\n","protected":false},"excerpt":{"rendered":"<p>O Governo do Tocantins, por meio da Ag\u00eancia de Defesa Agropecu\u00e1ria (Adapec), e a Procuradoria da Rep\u00fablica (PR) no estado do Tocantins assinaram na manh\u00e3 desta ter\u00e7a-feira, 9, um acordo \u00e0 m\u00fatua colabora\u00e7\u00e3o entre as partes para troca de informa\u00e7\u00f5es com a finalidade exclusiva de obter dados para subsidiar a instru\u00e7\u00e3o de processos judiciais e [&hellip;]<\/p>\n","protected":false},"author":2,"featured_media":18961,"comment_status":"open","ping_status":"open","sticky":false,"template":"","format":"standard","meta":[],"categories":[3],"tags":[],"_links":{"self":[{"href":"https:\/\/dgospel.com.br\/portal\/index.php\/wp-json\/wp\/v2\/posts\/18960"}],"collection":[{"href":"https:\/\/dgospel.com.br\/portal\/index.php\/wp-json\/wp\/v2\/posts"}],"about":[{"href":"https:\/\/dgospel.com.br\/portal\/index.php\/wp-json\/wp\/v2\/types\/post"}],"author":[{"embeddable":true,"href":"https:\/\/dgospel.com.br\/portal\/index.php\/wp-json\/wp\/v2\/users\/2"}],"replies":[{"embeddable":true,"href":"https:\/\/dgospel.com.br\/portal\/index.php\/wp-json\/wp\/v2\/comments?post=18960"}],"version-history":[{"count":1,"href":"https:\/\/dgospel.com.br\/portal\/index.php\/wp-json\/wp\/v2\/posts\/18960\/revisions"}],"predecessor-version":[{"id":18962,"href":"https:\/\/dgospel.com.br\/portal\/index.php\/wp-json\/wp\/v2\/posts\/18960\/revisions\/18962"}],"wp:featuredmedia":[{"embeddable":true,"href":"https:\/\/dgospel.com.br\/portal\/index.php\/wp-json\/wp\/v2\/media\/18961"}],"wp:attachment":[{"href":"https:\/\/dgospel.com.br\/portal\/index.php\/wp-json\/wp\/v2\/media?parent=18960"}],"wp:term":[{"taxonomy":"category","embeddable":true,"href":"https:\/\/dgospel.com.br\/portal\/index.php\/wp-json\/wp\/v2\/categories?post=18960"},{"taxonomy":"post_tag","embeddable":true,"href":"https:\/\/dgospel.com.br\/portal\/index.php\/wp-json\/wp\/v2\/tags?post=18960"}],"curies":[{"name":"wp","href":"https:\/\/api.w.org\/{rel}","templated":true}]}}