{"id":18963,"date":"2024-04-09T23:25:29","date_gmt":"2024-04-10T02:25:29","guid":{"rendered":"https:\/\/dgospel.com.br\/portal\/?p=18963"},"modified":"2024-04-24T22:06:47","modified_gmt":"2024-04-25T01:06:47","slug":"governo-do-tocantins-inicia-plano-de-acao-do-projeto-foco-no-fogo-2024","status":"publish","type":"post","link":"https:\/\/dgospel.com.br\/portal\/index.php\/2024\/04\/09\/governo-do-tocantins-inicia-plano-de-acao-do-projeto-foco-no-fogo-2024\/","title":{"rendered":"Governo do Tocantins inicia plano de a\u00e7\u00e3o do projeto Foco no Fogo 2024"},"content":{"rendered":"\n<p>O Governo do Tocantins iniciou nesta ter\u00e7a-feira, 9, a etapa de preven\u00e7\u00e3o contra as queimadas ilegais no estado, por meio do projeto&nbsp;<em>Foco no Fogo 2024<\/em>, no \u00e2mbito do Comit\u00ea do Fogo \u2013 Comit\u00ea Estadual de Combate aos Inc\u00eandios Florestais e Controle de Queimadas no Tocantins, com carreata e blitz educativa, em Palmas. Neste ano, o projeto&nbsp;<em>Foco no Fogo<\/em>&nbsp;ter\u00e1 duas etapas: a Secretaria de Estado do Meio Ambiente e Recursos H\u00eddricos (Semarh), junto com outras 32 institui\u00e7\u00f5es, iniciam a sensibiliza\u00e7\u00e3o nas escolas e, a partir do m\u00eas de maio, retoma as visitas \u00e0s propriedades rurais.<\/p>\n\n\n\n<p>O secret\u00e1rio de Estado do Meio Ambiente e Recursos H\u00eddricos, Marcello Lelis, afirmou que, neste ano, o Estado antecipa as a\u00e7\u00f5es preventivas com o projeto&nbsp;<em>Foco no Fogo<\/em>&nbsp;no \u00e2mbito do Comit\u00ea do Fogo. \u201cCome\u00e7amos com a carreata e a blitz educativa em Palmas, que marcam o in\u00edcio do trabalho de sensibiliza\u00e7\u00e3o, percorrendo as ruas e chamando a aten\u00e7\u00e3o das pessoas para o per\u00edodo de estiagem que se aproxima; os cuidados que precisamos adotar e os meses de suspens\u00e3o em que devemos evitar o uso do fogo. Esse \u00e9 um trabalho que, ano a ano, \u00e9 feito em absoluta sintonia com 32 institui\u00e7\u00f5es parceiras do projeto, tendo no ano passado alcan\u00e7ado uma redu\u00e7\u00e3o de 40% os focos de queimadas no estado do Tocantins\u201d, pontuou.&nbsp;<\/p>\n\n\n\n<p>A diretora de Educa\u00e7\u00e3o Ambiental para Sustentabilidade, Erliete Gadotti, destacou a inova\u00e7\u00e3o do projeto. \u201cNeste ano, dividimos o projeto em duas etapas. Na primeira, vamos ministrar palestras nas escolas, ressaltando o quanto \u00e9 prejudicial para a sa\u00fade, para o meio ambiente, que inclui a fauna e a flora. Ent\u00e3o, a gente percebeu que \u00e9 muito melhor prevenir do que restaurar, partindo desse princ\u00edpio, a gente come\u00e7a a preven\u00e7\u00e3o tamb\u00e9m dentro das escolas, uma vez que os alunos propagam muito o que \u00e9 aprendido. Nessa etapa ser\u00e3o percorridos 22 munic\u00edpios, que somados \u00e0 segunda etapa v\u00e3o totalizar 67 cidades visitadas pelo projeto&nbsp;<em>Foco no Fogo<\/em>\u201d, enfatizou.&nbsp;<\/p>\n\n\n\n<p>O superintendente do Comando de A\u00e7\u00f5es de Defesa Civil Estadual, coronel Erisvaldo Alves, ressaltou que, neste ano, j\u00e1 foram pactuadas as a\u00e7\u00f5es que ser\u00e3o realizadas no \u00e2mbito do Comit\u00ea do Fogo e a ideia \u00e9 melhorar, a cada ano, as atividades que v\u00eam sendo realizadas. \u201cO&nbsp;<em>Foco no Fogo<\/em>&nbsp;vem crescendo e alcan\u00e7ando mais munic\u00edpios. Este ano come\u00e7amos mais cedo, antes mesmo do fim do per\u00edodo chuvoso, a partir de amanh\u00e3, com as palestras nas escolas, uma inova\u00e7\u00e3o que a Semarh traz para o projeto\u201d, concluiu.&nbsp;&nbsp; &nbsp;<\/p>\n\n\n\n<p><strong>Parceiros<\/strong><\/p>\n\n\n\n<p>Al\u00e9m da Semarh, o projeto&nbsp;<em>Foco no Fogo<\/em>&nbsp;conta com o Comando de A\u00e7\u00f5es de Defesa Civil; Corpo de Bombeiros Militar (CBMTO); Instituto Natureza do Tocantins (Naturatins); Batalh\u00e3o de Pol\u00edcia Militar Ambiental (BPMA); Centro Integrado de Opera\u00e7\u00f5es A\u00e9reas; Departamento Nacional de Infraestrutura de Transportes (Dnit); Minist\u00e9rio P\u00fablico do Tocantins (MPTO); 22\u00ba Batalh\u00e3o de Infantaria do Ex\u00e9rcito Brasileiro; Ag\u00eancia de Defesa Agropecu\u00e1ria do Tocantins (Adapec); Instituto de Desenvolvimento Rural do Tocantins (Ruraltins); Funda\u00e7\u00e3o Municipal do Meio Ambiente de Palmas (FMA); Guarda Metropolitana de Palmas (GMP); Coordenadoria Municipal de Prote\u00e7\u00e3o e Defesa Civil de Palmas; Secretaria de Estado da Agricultura e Pecu\u00e1ria (Seagro); Secretaria de Estado da Educa\u00e7\u00e3o (Seduc); Defesas Civis Municipais; Secretaria de Estado da Sa\u00fade (SES-TO); Ag\u00eancia de Transportes, Obras e Infraestrutura (Ageto); Centro de Monitoramento Ambiental e Manejo do Fogo; Secretaria de Estado da Comunica\u00e7\u00e3o (Secom); Instituto Chico Mendes de Conserva\u00e7\u00e3o da Biodiversidade; Federa\u00e7\u00e3o da Agricultura e Pecu\u00e1ria (Faet); BP Bunge; Energisa; Prevfogo\/Ibama; Tribunal de Contas do Tocantins (TCE\/TO); Associa\u00e7\u00e3o Tocantinense de Munic\u00edpios (ATM); Departamento Estadual de Tr\u00e2nsito (Detran\/TO); Pol\u00edcia Rodovi\u00e1ria Federal (PRF) e a Capitania Fluvial do Araguaia-Tocantins.<\/p>\n\n\n\n<p><img src=\"https:\/\/central.to.gov.br\/image\/371986?w=670&amp;h=383\"><\/p>\n\n\n\n<p>Carreata e blitz educativa marca in\u00edcio do trabalho de sensibiliza\u00e7\u00e3o do Foco no Fogo 2024 &#8211; Jordana Capistrano\/Governo do Tocantins&nbsp;<\/p>\n\n\n\n<p><img src=\"https:\/\/central.to.gov.br\/image\/371988?w=670&amp;h=383\"><\/p>\n\n\n\n<p>No m\u00eas de maio as equipes do projeto Foco no Fogo retomam as visitas em propriedades rurais &#8211; Jordana Capistrano\/Governo do Tocantins<\/p>\n","protected":false},"excerpt":{"rendered":"<p>O Governo do Tocantins iniciou nesta ter\u00e7a-feira, 9, a etapa de preven\u00e7\u00e3o contra as queimadas ilegais no estado, por meio do projeto&nbsp;Foco no Fogo 2024, no \u00e2mbito do Comit\u00ea do Fogo \u2013 Comit\u00ea Estadual de Combate aos Inc\u00eandios Florestais e Controle de Queimadas no Tocantins, com carreata e blitz educativa, em Palmas. Neste ano, o [&hellip;]<\/p>\n","protected":false},"author":2,"featured_media":18964,"comment_status":"open","ping_status":"open","sticky":false,"template":"","format":"standard","meta":[],"categories":[3],"tags":[13],"_links":{"self":[{"href":"https:\/\/dgospel.com.br\/portal\/index.php\/wp-json\/wp\/v2\/posts\/18963"}],"collection":[{"href":"https:\/\/dgospel.com.br\/portal\/index.php\/wp-json\/wp\/v2\/posts"}],"about":[{"href":"https:\/\/dgospel.com.br\/portal\/index.php\/wp-json\/wp\/v2\/types\/post"}],"author":[{"embeddable":true,"href":"https:\/\/dgospel.com.br\/portal\/index.php\/wp-json\/wp\/v2\/users\/2"}],"replies":[{"embeddable":true,"href":"https:\/\/dgospel.com.br\/portal\/index.php\/wp-json\/wp\/v2\/comments?post=18963"}],"version-history":[{"count":2,"href":"https:\/\/dgospel.com.br\/portal\/index.php\/wp-json\/wp\/v2\/posts\/18963\/revisions"}],"predecessor-version":[{"id":19141,"href":"https:\/\/dgospel.com.br\/portal\/index.php\/wp-json\/wp\/v2\/posts\/18963\/revisions\/19141"}],"wp:featuredmedia":[{"embeddable":true,"href":"https:\/\/dgospel.com.br\/portal\/index.php\/wp-json\/wp\/v2\/media\/18964"}],"wp:attachment":[{"href":"https:\/\/dgospel.com.br\/portal\/index.php\/wp-json\/wp\/v2\/media?parent=18963"}],"wp:term":[{"taxonomy":"category","embeddable":true,"href":"https:\/\/dgospel.com.br\/portal\/index.php\/wp-json\/wp\/v2\/categories?post=18963"},{"taxonomy":"post_tag","embeddable":true,"href":"https:\/\/dgospel.com.br\/portal\/index.php\/wp-json\/wp\/v2\/tags?post=18963"}],"curies":[{"name":"wp","href":"https:\/\/api.w.org\/{rel}","templated":true}]}}