{"id":18972,"date":"2024-04-11T11:11:36","date_gmt":"2024-04-11T14:11:36","guid":{"rendered":"https:\/\/dgospel.com.br\/portal\/?p=18972"},"modified":"2024-04-11T11:11:38","modified_gmt":"2024-04-11T14:11:38","slug":"avaliacao-negativa-de-lula-supera-positiva-em-sp-goias-e-parana","status":"publish","type":"post","link":"https:\/\/dgospel.com.br\/portal\/index.php\/2024\/04\/11\/avaliacao-negativa-de-lula-supera-positiva-em-sp-goias-e-parana\/","title":{"rendered":"Avalia\u00e7\u00e3o negativa de Lula supera positiva em SP, Goi\u00e1s e Paran\u00e1"},"content":{"rendered":"\n<p>Uma pesquisa divulgada nesta quinta-feira (11) pela Quaest\/Genial indicou que uma porcentagem maior de eleitores dos estados de&nbsp;<a href=\"https:\/\/pleno.news\/tag\/sao-paulo\" target=\"_blank\" rel=\"noreferrer noopener\">S\u00e3o Paulo<\/a>, Goi\u00e1s e Paran\u00e1 avaliou o atual governo&nbsp;<a href=\"https:\/\/pleno.news\/tag\/lula\" target=\"_blank\" rel=\"noreferrer noopener\">Lula<\/a>&nbsp;(PT) como negativo mais do que como positivo. Em Minas Gerais, onde o levantamento tamb\u00e9m foi realizado, o resultado apontou um empate t\u00e9cnico.<\/p>\n\n\n\n<p>Em S\u00e3o Paulo, onde foram ouvidos 1.656 eleitores e cuja margem de erro foi de 2,4 pontos percentuais para mais ou menos, a avalia\u00e7\u00e3o do governo Lula foi negativa para 37% dos entrevistados, enquanto que aqueles que julgaram a atual gest\u00e3o como positiva foram 32%. Ou seja, mesmo com a margem de erro, a reprova\u00e7\u00e3o foi maior que a aprova\u00e7\u00e3o.<\/p>\n\n\n\n<p>J\u00e1 em Goi\u00e1s, a diferen\u00e7a entre a avalia\u00e7\u00e3o negativa e a positiva foi de oito pontos percentuais, superando a margem de erro. Para 40% dos eleitores goianos, a atual gest\u00e3o do governo federal \u00e9 negativa, enquanto que para 32% ela \u00e9 positiva. No estado, foram ouvidas 1.127 pessoas e a pesquisa teve margem de erro de 2,9 pontos percentuais para mais ou para menos.<\/p>\n\n\n\n<p>O estado do Paran\u00e1, onde Lula tradicionalmente tem \u00edndices altos de reprova\u00e7\u00e3o, foi justamente a unidade da federa\u00e7\u00e3o pesquisada que registrou o maior \u00edndice de avalia\u00e7\u00e3o negativa: 41%. Por outro lado, 30% dos paranaenses consideraram a gest\u00e3o federal como positiva. No estado, foram ouvidas 1.121 pessoas e a margem de erro foi de 2,9 pontos percentuais.<\/p>\n\n\n\n<p>O \u00fanico dos quatro estados avaliados em que a resposta dos eleitores indicou um empate t\u00e9cnico foi Minas Gerais, apesar de a porcentagem da avalia\u00e7\u00e3o negativa (35%) ter superado a positiva (34%). No entanto, como a margem foi de 2,5 pontos percentuais, n\u00e3o foi poss\u00edvel concluir maioria para nenhum dos dois itens. No estado, a pesquisa ouviu 1.506 pessoas.<\/p>\n\n\n\n<p>A pesquisa da Quaest, encomendada pela Genial Investimentos, ouviu eleitores com 16 anos ou mais entre os dias 4 e 7 de abril.<\/p>\n","protected":false},"excerpt":{"rendered":"<p>Uma pesquisa divulgada nesta quinta-feira (11) pela Quaest\/Genial indicou que uma porcentagem maior de eleitores dos estados de&nbsp;S\u00e3o Paulo, Goi\u00e1s e Paran\u00e1 avaliou o atual governo&nbsp;Lula&nbsp;(PT) como negativo mais do que como positivo. Em Minas Gerais, onde o levantamento tamb\u00e9m foi realizado, o resultado apontou um empate t\u00e9cnico. Em S\u00e3o Paulo, onde foram ouvidos 1.656 [&hellip;]<\/p>\n","protected":false},"author":2,"featured_media":18973,"comment_status":"open","ping_status":"open","sticky":false,"template":"","format":"standard","meta":[],"categories":[4],"tags":[],"_links":{"self":[{"href":"https:\/\/dgospel.com.br\/portal\/index.php\/wp-json\/wp\/v2\/posts\/18972"}],"collection":[{"href":"https:\/\/dgospel.com.br\/portal\/index.php\/wp-json\/wp\/v2\/posts"}],"about":[{"href":"https:\/\/dgospel.com.br\/portal\/index.php\/wp-json\/wp\/v2\/types\/post"}],"author":[{"embeddable":true,"href":"https:\/\/dgospel.com.br\/portal\/index.php\/wp-json\/wp\/v2\/users\/2"}],"replies":[{"embeddable":true,"href":"https:\/\/dgospel.com.br\/portal\/index.php\/wp-json\/wp\/v2\/comments?post=18972"}],"version-history":[{"count":1,"href":"https:\/\/dgospel.com.br\/portal\/index.php\/wp-json\/wp\/v2\/posts\/18972\/revisions"}],"predecessor-version":[{"id":18974,"href":"https:\/\/dgospel.com.br\/portal\/index.php\/wp-json\/wp\/v2\/posts\/18972\/revisions\/18974"}],"wp:featuredmedia":[{"embeddable":true,"href":"https:\/\/dgospel.com.br\/portal\/index.php\/wp-json\/wp\/v2\/media\/18973"}],"wp:attachment":[{"href":"https:\/\/dgospel.com.br\/portal\/index.php\/wp-json\/wp\/v2\/media?parent=18972"}],"wp:term":[{"taxonomy":"category","embeddable":true,"href":"https:\/\/dgospel.com.br\/portal\/index.php\/wp-json\/wp\/v2\/categories?post=18972"},{"taxonomy":"post_tag","embeddable":true,"href":"https:\/\/dgospel.com.br\/portal\/index.php\/wp-json\/wp\/v2\/tags?post=18972"}],"curies":[{"name":"wp","href":"https:\/\/api.w.org\/{rel}","templated":true}]}}