{"id":18975,"date":"2024-04-11T11:16:33","date_gmt":"2024-04-11T14:16:33","guid":{"rendered":"https:\/\/dgospel.com.br\/portal\/?p=18975"},"modified":"2024-04-24T21:09:10","modified_gmt":"2024-04-25T00:09:10","slug":"presidente-do-pt-gleisi-quer-aprofundar-parceria-com-partido-comunista-chines","status":"publish","type":"post","link":"https:\/\/dgospel.com.br\/portal\/index.php\/2024\/04\/11\/presidente-do-pt-gleisi-quer-aprofundar-parceria-com-partido-comunista-chines\/","title":{"rendered":"Presidente do PT Gleisi quer \u201caprofundar parceria\u201d com Partido Comunista Chin\u00eas"},"content":{"rendered":"\n<p>Em viagem \u00e0 China, a deputada federal e presidente do Partido dos Trabalhadores (PT), Gleisi Hoffmann (PT-PR), afirmou estar comprometida em \u201caprofundar as parcerias\u201d com o Partido Comunista Chin\u00eas (PCCh). Exibindo foto ao lado do secret\u00e1rio da sigla chinesa, Li Xi, a parlamentar brasileira celebrou a rela\u00e7\u00e3o de d\u00e9cadas entre o PT e a entidade comunista.<\/p>\n\n\n\n<p>\u2013 Com a celebra\u00e7\u00e3o de 40 anos da rela\u00e7\u00e3o entre o PT e o PCCh, nos comprometamos a aprofundar as parcerias entre os partidos. Estamos dispostos \u00e0 colaborar para fortalecer interc\u00e2mbios de experi\u00eancias na constru\u00e7\u00e3o partid\u00e1ria e governan\u00e7a, consolidar a rela\u00e7\u00e3o pol\u00edtica entre nossos pa\u00edses, fortalecer parcerias, o desenvolvimento sustent\u00e1vel em diversas \u00e1reas e, de maneira conjunta, superar os desafios globais que estamos enfrentando \u2013 escreveu Gleisi em sua conta no X.<\/p>\n\n\n\n<p>A convite do pr\u00f3prio PCCh, a petista e sua delega\u00e7\u00e3o foram recebidos por Li Xi nesta quarta-feira (10). Eles permanecer\u00e3o no pa\u00eds at\u00e9 o dia 20 de abril. A comitiva \u00e9 composta por 28 dirigentes e parlamentares do PT.<\/p>\n\n\n\n<p>Na \u00faltima ter\u00e7a-feira (9), Gleisi esteve com Liu Jianchao, ministro do departamento internacional do Comit\u00ea Central do PCCh. Na ocasi\u00e3o, ela participou do VII semin\u00e1rio te\u00f3rico entre o PCCh e o PT, lendo ainda uma carta do presidente Luiz In\u00e1cio Lula da Silva (PT) endere\u00e7ada ao \u201ccamarada Xi Jinping\u201d.<\/p>\n\n\n\n<p>\u2013 No evento, li correspond\u00eancia do presidente Lula saudando a realiza\u00e7\u00e3o do semin\u00e1rio, e Liu Jianchao leu correspond\u00eancia no mesmo sentido do presidente Xi Jinping. Ambas enaltecem a coopera\u00e7\u00e3o entre os dois pa\u00edses e os dois partidos e reafirmam o compromisso de desenvolvimento compartilhado, com modelo mais inclusivo e sustent\u00e1vel, para ambos os pa\u00edses e para o mundo \u2013 disse Hoffmann.<\/p>\n\n\n\n<p>Ela acrescentou que o PT considera \u201cmuito relevante o estreitamento de la\u00e7os entre os dois partidos, seja pela China ter grande import\u00e2ncia econ\u00f4mica e comercial para o Brasil, seja pela import\u00e2ncia pol\u00edtica de promover alinhamento cada vez maior entre os partidos progressistas e de esquerda do mundo para enfrentar o movimento da extrema direita que cresce\u201d.<\/p>\n","protected":false},"excerpt":{"rendered":"<p>Em viagem \u00e0 China, a deputada federal e presidente do Partido dos Trabalhadores (PT), Gleisi Hoffmann (PT-PR), afirmou estar comprometida em \u201caprofundar as parcerias\u201d com o Partido Comunista Chin\u00eas (PCCh). Exibindo foto ao lado do secret\u00e1rio da sigla chinesa, Li Xi, a parlamentar brasileira celebrou a rela\u00e7\u00e3o de d\u00e9cadas entre o PT e a entidade [&hellip;]<\/p>\n","protected":false},"author":2,"featured_media":18976,"comment_status":"open","ping_status":"open","sticky":false,"template":"","format":"standard","meta":[],"categories":[10],"tags":[],"_links":{"self":[{"href":"https:\/\/dgospel.com.br\/portal\/index.php\/wp-json\/wp\/v2\/posts\/18975"}],"collection":[{"href":"https:\/\/dgospel.com.br\/portal\/index.php\/wp-json\/wp\/v2\/posts"}],"about":[{"href":"https:\/\/dgospel.com.br\/portal\/index.php\/wp-json\/wp\/v2\/types\/post"}],"author":[{"embeddable":true,"href":"https:\/\/dgospel.com.br\/portal\/index.php\/wp-json\/wp\/v2\/users\/2"}],"replies":[{"embeddable":true,"href":"https:\/\/dgospel.com.br\/portal\/index.php\/wp-json\/wp\/v2\/comments?post=18975"}],"version-history":[{"count":1,"href":"https:\/\/dgospel.com.br\/portal\/index.php\/wp-json\/wp\/v2\/posts\/18975\/revisions"}],"predecessor-version":[{"id":18977,"href":"https:\/\/dgospel.com.br\/portal\/index.php\/wp-json\/wp\/v2\/posts\/18975\/revisions\/18977"}],"wp:featuredmedia":[{"embeddable":true,"href":"https:\/\/dgospel.com.br\/portal\/index.php\/wp-json\/wp\/v2\/media\/18976"}],"wp:attachment":[{"href":"https:\/\/dgospel.com.br\/portal\/index.php\/wp-json\/wp\/v2\/media?parent=18975"}],"wp:term":[{"taxonomy":"category","embeddable":true,"href":"https:\/\/dgospel.com.br\/portal\/index.php\/wp-json\/wp\/v2\/categories?post=18975"},{"taxonomy":"post_tag","embeddable":true,"href":"https:\/\/dgospel.com.br\/portal\/index.php\/wp-json\/wp\/v2\/tags?post=18975"}],"curies":[{"name":"wp","href":"https:\/\/api.w.org\/{rel}","templated":true}]}}