{"id":18978,"date":"2024-04-11T11:20:55","date_gmt":"2024-04-11T14:20:55","guid":{"rendered":"https:\/\/dgospel.com.br\/portal\/?p=18978"},"modified":"2024-04-24T21:08:45","modified_gmt":"2024-04-25T00:08:45","slug":"cnj-decisao-do-stf-no-rj-ajudou-comando-vermelho-a-se-expandir","status":"publish","type":"post","link":"https:\/\/dgospel.com.br\/portal\/index.php\/2024\/04\/11\/cnj-decisao-do-stf-no-rj-ajudou-comando-vermelho-a-se-expandir\/","title":{"rendered":"CNJ: Decis\u00e3o do STF no RJ ajudou Comando Vermelho a se expandir"},"content":{"rendered":"\n<p>De acordo com o relat\u00f3rio do Conselho Nacional de Justi\u00e7a (CNJ) sobre a ADPF 635, mais conhecida como ADPF das Favelas, a fac\u00e7\u00e3o criminosa Comando Vermelho expandiu sua atua\u00e7\u00e3o territorial no Rio de Janeiro ap\u00f3s a decis\u00e3o do Supremo Tribunal Federal (STF) que restringiu opera\u00e7\u00f5es em favelas no ano de 2020.<\/p>\n\n\n\n<p>Atrav\u00e9s da APDF citada, as opera\u00e7\u00f5es policiais nas favelas foram restringidas durante a pandemia de Covid-19 e, ap\u00f3s o fim da situa\u00e7\u00e3o de emerg\u00eancia sanit\u00e1ria, as opera\u00e7\u00f5es tinham que ser comunicadas previamente ao Minist\u00e9rio P\u00fablico do Rio de Janeiro.<\/p>\n\n\n\n<p>O relat\u00f3rio do CNJ, elaborado por um grupo de trabalho que acompanhou a seguran\u00e7a p\u00fablica daquele estado, diz que \u201cap\u00f3s a implementa\u00e7\u00e3o da ADPF 635, que imp\u00f4s restri\u00e7\u00f5es \u00e0 atua\u00e7\u00e3o policial, houve aumento significativo nos confrontos territoriais\u201d.<\/p>\n\n\n\n<p>\u2013 Ficou evidente que o Comando Vermelho, a maior organiza\u00e7\u00e3o criminosa do Rio de Janeiro, est\u00e1 expandindo suas opera\u00e7\u00f5es e buscando maximizar seus dom\u00ednios territoriais \u2013 diz parte do documento enviado ao STF.<\/p>\n\n\n\n<p>Um dos dados citados no relat\u00f3rio \u00e9 que, a partir de 2021, o Comando Vermelho passou a disputar territ\u00f3rios na Zona Oeste do Rio, espa\u00e7o historicamente controlado pelas mil\u00edcias. Territ\u00f3rios que estavam sob dom\u00ednio da fac\u00e7\u00e3o Terceiro Comando Puro (TCP), como as favelas no Centro do Rio, foram alvos de tentativas da fac\u00e7\u00e3o para retomar o controle.<\/p>\n","protected":false},"excerpt":{"rendered":"<p>De acordo com o relat\u00f3rio do Conselho Nacional de Justi\u00e7a (CNJ) sobre a ADPF 635, mais conhecida como ADPF das Favelas, a fac\u00e7\u00e3o criminosa Comando Vermelho expandiu sua atua\u00e7\u00e3o territorial no Rio de Janeiro ap\u00f3s a decis\u00e3o do Supremo Tribunal Federal (STF) que restringiu opera\u00e7\u00f5es em favelas no ano de 2020. Atrav\u00e9s da APDF citada, [&hellip;]<\/p>\n","protected":false},"author":2,"featured_media":18979,"comment_status":"open","ping_status":"open","sticky":false,"template":"","format":"standard","meta":[],"categories":[10],"tags":[],"_links":{"self":[{"href":"https:\/\/dgospel.com.br\/portal\/index.php\/wp-json\/wp\/v2\/posts\/18978"}],"collection":[{"href":"https:\/\/dgospel.com.br\/portal\/index.php\/wp-json\/wp\/v2\/posts"}],"about":[{"href":"https:\/\/dgospel.com.br\/portal\/index.php\/wp-json\/wp\/v2\/types\/post"}],"author":[{"embeddable":true,"href":"https:\/\/dgospel.com.br\/portal\/index.php\/wp-json\/wp\/v2\/users\/2"}],"replies":[{"embeddable":true,"href":"https:\/\/dgospel.com.br\/portal\/index.php\/wp-json\/wp\/v2\/comments?post=18978"}],"version-history":[{"count":1,"href":"https:\/\/dgospel.com.br\/portal\/index.php\/wp-json\/wp\/v2\/posts\/18978\/revisions"}],"predecessor-version":[{"id":18980,"href":"https:\/\/dgospel.com.br\/portal\/index.php\/wp-json\/wp\/v2\/posts\/18978\/revisions\/18980"}],"wp:featuredmedia":[{"embeddable":true,"href":"https:\/\/dgospel.com.br\/portal\/index.php\/wp-json\/wp\/v2\/media\/18979"}],"wp:attachment":[{"href":"https:\/\/dgospel.com.br\/portal\/index.php\/wp-json\/wp\/v2\/media?parent=18978"}],"wp:term":[{"taxonomy":"category","embeddable":true,"href":"https:\/\/dgospel.com.br\/portal\/index.php\/wp-json\/wp\/v2\/categories?post=18978"},{"taxonomy":"post_tag","embeddable":true,"href":"https:\/\/dgospel.com.br\/portal\/index.php\/wp-json\/wp\/v2\/tags?post=18978"}],"curies":[{"name":"wp","href":"https:\/\/api.w.org\/{rel}","templated":true}]}}