{"id":18987,"date":"2024-04-11T11:32:58","date_gmt":"2024-04-11T14:32:58","guid":{"rendered":"https:\/\/dgospel.com.br\/portal\/?p=18987"},"modified":"2024-04-24T22:14:49","modified_gmt":"2024-04-25T01:14:49","slug":"malafaia-e-condecorado-com-a-ordem-do-merito-judiciario-militar-em-evento-com-ministros-do-stf","status":"publish","type":"post","link":"https:\/\/dgospel.com.br\/portal\/index.php\/2024\/04\/11\/malafaia-e-condecorado-com-a-ordem-do-merito-judiciario-militar-em-evento-com-ministros-do-stf\/","title":{"rendered":"Malafaia \u00e9 condecorado com a Ordem do M\u00e9rito Judici\u00e1rio Militar em evento com ministros do STF"},"content":{"rendered":"\n<p>O pastor Silas Malafaia foi condecorado com a mais alta honraria concedida pela Justi\u00e7a Militar, a Ordem do M\u00e9rito Judici\u00e1rio Militar. O evento ocorreu nesta quarta-feira (10), no Clube do Ex\u00e9rcito, em Bras\u00edlia.<\/p>\n\n\n\n<p>O ato celebrou os 216 anos da Justi\u00e7a Militar da Uni\u00e3o diante da presen\u00e7a de autoridades, como os ministros do Supremo Tribunal Federal (STF) Fl\u00e1vio Dino e Cristiano Zanin, e tamb\u00e9m o Procurador-Geral da Rep\u00fablica Paulo Gonet. Eles tamb\u00e9m foram condecorados.<\/p>\n\n\n\n<p>&nbsp;A Deus a gl\u00f3ria \u2013 disse Malafaia em suas redes sociais, ao postar sua foto no evento, j\u00e1 com a medalha da Gr\u00e3-Cruz, maior grau da comenda.<\/p>\n\n\n\n<figure class=\"wp-block-image\"><img src=\"https:\/\/static.cdn.pleno.news\/2024\/04\/SM-10-04.png\" alt=\"\" class=\"wp-image-1306362\"\/><\/figure>\n\n\n\n<p>A Ordem do M\u00e9rito Judici\u00e1rio Militar \u00e9 concedida a pessoas e institui\u00e7\u00f5es que contribuem efetivamente em suas respectivas \u00e1reas de atua\u00e7\u00e3o. Malafaia tem diversos servi\u00e7os prestados \u00e0 sociedade, principalmente no campo religioso, social e pol\u00edtico.<\/p>\n","protected":false},"excerpt":{"rendered":"<p>O pastor Silas Malafaia foi condecorado com a mais alta honraria concedida pela Justi\u00e7a Militar, a Ordem do M\u00e9rito Judici\u00e1rio Militar. O evento ocorreu nesta quarta-feira (10), no Clube do Ex\u00e9rcito, em Bras\u00edlia. O ato celebrou os 216 anos da Justi\u00e7a Militar da Uni\u00e3o diante da presen\u00e7a de autoridades, como os ministros do Supremo Tribunal [&hellip;]<\/p>\n","protected":false},"author":2,"featured_media":18988,"comment_status":"open","ping_status":"open","sticky":false,"template":"","format":"standard","meta":[],"categories":[11,12],"tags":[13],"_links":{"self":[{"href":"https:\/\/dgospel.com.br\/portal\/index.php\/wp-json\/wp\/v2\/posts\/18987"}],"collection":[{"href":"https:\/\/dgospel.com.br\/portal\/index.php\/wp-json\/wp\/v2\/posts"}],"about":[{"href":"https:\/\/dgospel.com.br\/portal\/index.php\/wp-json\/wp\/v2\/types\/post"}],"author":[{"embeddable":true,"href":"https:\/\/dgospel.com.br\/portal\/index.php\/wp-json\/wp\/v2\/users\/2"}],"replies":[{"embeddable":true,"href":"https:\/\/dgospel.com.br\/portal\/index.php\/wp-json\/wp\/v2\/comments?post=18987"}],"version-history":[{"count":1,"href":"https:\/\/dgospel.com.br\/portal\/index.php\/wp-json\/wp\/v2\/posts\/18987\/revisions"}],"predecessor-version":[{"id":18989,"href":"https:\/\/dgospel.com.br\/portal\/index.php\/wp-json\/wp\/v2\/posts\/18987\/revisions\/18989"}],"wp:featuredmedia":[{"embeddable":true,"href":"https:\/\/dgospel.com.br\/portal\/index.php\/wp-json\/wp\/v2\/media\/18988"}],"wp:attachment":[{"href":"https:\/\/dgospel.com.br\/portal\/index.php\/wp-json\/wp\/v2\/media?parent=18987"}],"wp:term":[{"taxonomy":"category","embeddable":true,"href":"https:\/\/dgospel.com.br\/portal\/index.php\/wp-json\/wp\/v2\/categories?post=18987"},{"taxonomy":"post_tag","embeddable":true,"href":"https:\/\/dgospel.com.br\/portal\/index.php\/wp-json\/wp\/v2\/tags?post=18987"}],"curies":[{"name":"wp","href":"https:\/\/api.w.org\/{rel}","templated":true}]}}