{"id":1899,"date":"2018-11-20T10:45:31","date_gmt":"2018-11-20T12:45:31","guid":{"rendered":"http:\/\/dgospel.com.br\/portal\/?p=1899"},"modified":"2018-11-20T10:45:31","modified_gmt":"2018-11-20T12:45:31","slug":"a-gente-fara-alianca-ate-com-o-diabo-diz-dilma-sobre-combate-a-bolsonaro","status":"publish","type":"post","link":"https:\/\/dgospel.com.br\/portal\/index.php\/2018\/11\/20\/a-gente-fara-alianca-ate-com-o-diabo-diz-dilma-sobre-combate-a-bolsonaro\/","title":{"rendered":"&#8220;A gente far\u00e1 alian\u00e7a at\u00e9 com o Diabo&#8221;, diz Dilma sobre combate a Bolsonaro"},"content":{"rendered":"<p><iframe loading=\"lazy\" title=\"&quot;FAREMOS ALIAN\u00c7A AT\u00c9 COM O DIABO, CONTRA O NEOLIBERALISMO&quot; . Diz Dilma Rousseff, em Buenos Aires\" width=\"630\" height=\"354\" src=\"https:\/\/www.youtube.com\/embed\/vOypiaxORfQ?feature=oembed\" frameborder=\"0\" allow=\"accelerometer; autoplay; encrypted-media; gyroscope; picture-in-picture\" allowfullscreen><\/iframe><\/p>\n<p>Na \u00faltima segunda-feira (19), a ex-presidente\u00a0<strong><a href=\"https:\/\/guiame.com.br\/gospel\/noticias\/dilma-expressa-incomodo-com-nomeacao-de-novo-embaixador-de-israel-no-brasil.html\">Dilma Rousseff (PT)<\/a><\/strong>\u00a0participou do &#8216;F\u00f3rum do Pensamento Cr\u00edtico&#8217;, em Buenos Aires, Argentina.<\/p>\n<p>No evento que reuniu representantes de esquerda de diversos pa\u00edses, ela comentou a forma\u00e7\u00e3o da frente de oposi\u00e7\u00e3o liderada pelo Partido dos Trabalhadores contra o novo governo do presidente eleito Jair Bolsonaro (PSL), que tomar\u00e1 posse no dia 1\u00ba de janeiro de 2019, em Bras\u00edlia.<\/p>\n<p>&#8220;Essa frente \u00e9 uma frente democr\u00e1tica e popular, uma frente que combate o neoliberalismo, porque se n\u00e3o combater o neoliberalismo, a popula\u00e7\u00e3o brasileira n\u00e3o tem um projeto, vai ficar absolutamente aberta&#8221;, disse Dilma na cerim\u00f4nia de abertura do evento.<\/p>\n<p>&#8220;Uma frente democr\u00e1tica, que seja mais ampla poss\u00edvel e ser capaz de fazer todas as alian\u00e7as necess\u00e1rias, com todos os seguimentos. A gente far\u00e1 alian\u00e7a at\u00e9 com o Diabo para combat\u00ea-los&#8221;, acrescentou. &#8220;Agora, tem que ter uma espinha dorsal. Tem que ter um cora\u00e7\u00e3o. E o cora\u00e7\u00e3o \u00e9 antineoliberal e antiautorit\u00e1rio neofascista. Essa a nossa solu\u00e7\u00e3o&#8221;.<\/p>\n<p><strong>Contradi\u00e7\u00e3o<\/strong><\/p>\n<p>Por mais que haja uma tentativa por parte da esquerda de justificar a fala da ex-presidente sobre proced\u00eancia e a amplitude de suas alian\u00e7as para fortalecer a chamada &#8220;resist\u00eancia&#8221; ao governo Bolsonaro, O PT pode se manter em maus len\u00e7\u00f3is com esta declara\u00e7\u00e3o &#8211; sobretudo entre os crist\u00e3os, que foram decisivos nestas elei\u00e7\u00f5es de 2018.<\/p>\n<p>O poder do voto crist\u00e3o e conservador foi significativo de tal modo que no segundo turno, o candidato petista Fernando Haddad mudou de maneira not\u00e1vel suas estrat\u00e9gias de campanha,\u00a0<strong><a href=\"https:\/\/guiame.com.br\/gospel\/mundo-cristao\/igreja-presbiteriana-do-brasil-desmente-apoio-fernando-haddad.html\">chegando at\u00e9 mesmo a realizar eventos com evang\u00e9licos<\/a><\/strong>\u00a0e ir a uma missa com sua candidata a vice, Manuela D&#8217;\u00c1vila. A tentativa de aproxima\u00e7\u00e3o foi recebida de maneira jocosa por boa parte da sociedade.<\/p>\n<p>FONTE: GUIAME, COM INFORMA\u00c7\u00d5ES DO R7<\/p>\n","protected":false},"excerpt":{"rendered":"<p>Na \u00faltima segunda-feira (19), a ex-presidente\u00a0Dilma Rousseff (PT)\u00a0participou do &#8216;F\u00f3rum do Pensamento Cr\u00edtico&#8217;, em Buenos Aires, Argentina. No evento que reuniu representantes de esquerda de diversos pa\u00edses, ela comentou a forma\u00e7\u00e3o da frente de oposi\u00e7\u00e3o liderada pelo Partido dos Trabalhadores contra o novo governo do presidente eleito Jair Bolsonaro (PSL), que tomar\u00e1 posse no dia [&hellip;]<\/p>\n","protected":false},"author":2,"featured_media":1900,"comment_status":"open","ping_status":"open","sticky":false,"template":"","format":"standard","meta":[],"categories":[2,6],"tags":[],"_links":{"self":[{"href":"https:\/\/dgospel.com.br\/portal\/index.php\/wp-json\/wp\/v2\/posts\/1899"}],"collection":[{"href":"https:\/\/dgospel.com.br\/portal\/index.php\/wp-json\/wp\/v2\/posts"}],"about":[{"href":"https:\/\/dgospel.com.br\/portal\/index.php\/wp-json\/wp\/v2\/types\/post"}],"author":[{"embeddable":true,"href":"https:\/\/dgospel.com.br\/portal\/index.php\/wp-json\/wp\/v2\/users\/2"}],"replies":[{"embeddable":true,"href":"https:\/\/dgospel.com.br\/portal\/index.php\/wp-json\/wp\/v2\/comments?post=1899"}],"version-history":[{"count":1,"href":"https:\/\/dgospel.com.br\/portal\/index.php\/wp-json\/wp\/v2\/posts\/1899\/revisions"}],"predecessor-version":[{"id":1901,"href":"https:\/\/dgospel.com.br\/portal\/index.php\/wp-json\/wp\/v2\/posts\/1899\/revisions\/1901"}],"wp:featuredmedia":[{"embeddable":true,"href":"https:\/\/dgospel.com.br\/portal\/index.php\/wp-json\/wp\/v2\/media\/1900"}],"wp:attachment":[{"href":"https:\/\/dgospel.com.br\/portal\/index.php\/wp-json\/wp\/v2\/media?parent=1899"}],"wp:term":[{"taxonomy":"category","embeddable":true,"href":"https:\/\/dgospel.com.br\/portal\/index.php\/wp-json\/wp\/v2\/categories?post=1899"},{"taxonomy":"post_tag","embeddable":true,"href":"https:\/\/dgospel.com.br\/portal\/index.php\/wp-json\/wp\/v2\/tags?post=1899"}],"curies":[{"name":"wp","href":"https:\/\/api.w.org\/{rel}","templated":true}]}}