{"id":19002,"date":"2024-04-17T18:09:56","date_gmt":"2024-04-17T21:09:56","guid":{"rendered":"https:\/\/dgospel.com.br\/portal\/?p=19002"},"modified":"2024-04-24T21:06:34","modified_gmt":"2024-04-25T00:06:34","slug":"camara-aprova-urgencia-de-pl-que-pune-invasor-de-propriedade-rural","status":"publish","type":"post","link":"https:\/\/dgospel.com.br\/portal\/index.php\/2024\/04\/17\/camara-aprova-urgencia-de-pl-que-pune-invasor-de-propriedade-rural\/","title":{"rendered":"C\u00e2mara aprova urg\u00eancia de PL que pune invasor de propriedade rural"},"content":{"rendered":"\n<p>Sob protesto do governo, a C\u00e2mara aprovou, na noite desta ter\u00e7a-feira (16), um requerimento de urg\u00eancia para a tramita\u00e7\u00e3o do projeto de lei que prev\u00ea san\u00e7\u00f5es a invasores de propriedades rurais. Foram 293 votos a favor, 111 contra e uma absten\u00e7\u00e3o. A proposta tem como alvo o Movimento dos Trabalhadores Rurais Sem Terra (MST), \u00e9 um aceno \u00e0 Frente Parlamentar da Agropecu\u00e1ria (FPA) e um recado dos parlamentares para o Pal\u00e1cio do Planalto.<\/p>\n\n\n\n<p>Com a urg\u00eancia aprovada, o texto pular\u00e1 a etapa de an\u00e1lise em comiss\u00f5es e poder\u00e1 ser votado diretamente no plen\u00e1rio. O l\u00edder do governo na Casa, Jos\u00e9 Guimar\u00e3es (PT-CE), tentou impedir a vota\u00e7\u00e3o, mas falhou. O petista argumentou que o acordo entre os l\u00edderes partid\u00e1rios em reuni\u00e3o com o presidente da C\u00e2mara, Arthur Lira (PP-AL), n\u00e3o previa a an\u00e1lise desse requerimento.<\/p>\n\n\n\n<p>\u2013 N\u00e3o \u00e9 correto, isso n\u00e3o pode, isso quebra completamente a postura de n\u00f3s que integramos o Col\u00e9gio de L\u00edderes \u2013 disse Guimar\u00e3es.<\/p>\n\n\n\n<p>E completou:<\/p>\n\n\n\n<p>\u2013 N\u00e3o se constr\u00f3i maioria nas vota\u00e7\u00f5es sem democracia, sem cumprimento de acordos \u2013 emendou o l\u00edder do governo Lula.<\/p>\n\n\n\n<p>A l\u00edder da Minoria na C\u00e2mara, Bia Kicis (PL-DF), por outro lado, defendeu a vota\u00e7\u00e3o do texto.<\/p>\n\n\n\n<p>\u2013 Essa \u00e9 uma pauta priorit\u00e1ria. Estamos vivendo hoje o que chamam de Vermelho Abril. S\u00f3 neste m\u00eas j\u00e1 foram 24 invas\u00f5es. Queremos dar uma resposta \u2013 declarou.<\/p>\n\n\n\n<p>A an\u00e1lise do requerimento de urg\u00eancia para o projeto que pune o MST ocorre ap\u00f3s o Instituto Nacional de Coloniza\u00e7\u00e3o e Reforma Agr\u00e1ria (Incra) ter exonerado um primo de Lira do cargo de superintendente regional de Alagoas ap\u00f3s cobran\u00e7as do movimento dos sem-terra.<\/p>\n\n\n\n<p>A exonera\u00e7\u00e3o de Wilson C\u00e9sar de Lira Santos ocorreu dias depois de Lira ter elevado o tom contra o ministro de Rela\u00e7\u00f5es Institucionais, Alexandre Padilha. O presidente da C\u00e2mara chamou o articulador pol\u00edtico do governo de \u201cincompetente\u201d e \u201cdesafeto pessoal\u201d.<\/p>\n\n\n\n<p>Nesta segunda (15), o MST disse que invadiu 24 \u00e1reas no pa\u00eds. As invas\u00f5es foram registradas em Sergipe, Pernambuco, Paran\u00e1, Rio Grande do Norte, Bahia, Par\u00e1, S\u00e3o Paulo, Goi\u00e1s, Cear\u00e1, Rio de Janeiro e Distrito Federal.<\/p>\n\n\n\n<p>Os atos, de acordo com o movimento, fazem parte da Jornada Nacional de Luta em Defesa da Reforma Agr\u00e1ria, que ocorre neste m\u00eas, conhecido como Abril Vermelho, em rep\u00fadio ao massacre de Eldorado dos Caraj\u00e1s, no Par\u00e1, em 1996, quando 21 trabalhadores rurais ligados ao MST foram assassinados pela Pol\u00edcia Militar.<\/p>\n\n\n\n<p>Entre as \u00e1reas invadidas pelo MST, est\u00e3o algumas de pesquisa da Empresa Brasileira de Pesquisa Agropecu\u00e1ria (Embrapa) e da Comiss\u00e3o Executiva do Plano da Lavoura Cacaueira (Ceplac), ambas ligadas ao Minist\u00e9rio da Agricultura, e, portanto, do governo federal.<\/p>\n\n\n\n<p>A a\u00e7\u00e3o do MST ocorreu justamente no dia do lan\u00e7amento pelo governo federal do Programa Terra para Gente, que tem o objetivo de acelerar o assentamento de fam\u00edlias no pa\u00eds. A medida foi anunciada pelo presidente Luiz In\u00e1cio Lula da Silva (PT) e pelo ministro do Desenvolvimento Agr\u00e1rio e Agricultura Familiar, Paulo Teixeira, no Planalto.<\/p>\n\n\n\n<blockquote class=\"wp-block-quote\"><p>Invas\u00e3o \u00e9 CRIME!<br>AT\u00c9 O ALEXANDRE IMORAL DIZER QUE \u201cN\u00c3O \u00c9 CRIME\u201d&nbsp;<a href=\"https:\/\/t.co\/LpLjeYfAfA\">pic.twitter.com\/LpLjeYfAfA<\/a><\/p><p>\u2014 TCoronel Alexandre (@TCoronelAlex)&nbsp;<a href=\"https:\/\/twitter.com\/TCoronelAlex\/status\/1780395228605653068?ref_src=twsrc%5Etfw\">April 17, 2024<\/a><\/p><\/blockquote>\n\n\n\n<p>*AE<\/p>\n","protected":false},"excerpt":{"rendered":"<p>Sob protesto do governo, a C\u00e2mara aprovou, na noite desta ter\u00e7a-feira (16), um requerimento de urg\u00eancia para a tramita\u00e7\u00e3o do projeto de lei que prev\u00ea san\u00e7\u00f5es a invasores de propriedades rurais. Foram 293 votos a favor, 111 contra e uma absten\u00e7\u00e3o. A proposta tem como alvo o Movimento dos Trabalhadores Rurais Sem Terra (MST), \u00e9 [&hellip;]<\/p>\n","protected":false},"author":2,"featured_media":19003,"comment_status":"open","ping_status":"open","sticky":false,"template":"","format":"standard","meta":[],"categories":[8],"tags":[],"_links":{"self":[{"href":"https:\/\/dgospel.com.br\/portal\/index.php\/wp-json\/wp\/v2\/posts\/19002"}],"collection":[{"href":"https:\/\/dgospel.com.br\/portal\/index.php\/wp-json\/wp\/v2\/posts"}],"about":[{"href":"https:\/\/dgospel.com.br\/portal\/index.php\/wp-json\/wp\/v2\/types\/post"}],"author":[{"embeddable":true,"href":"https:\/\/dgospel.com.br\/portal\/index.php\/wp-json\/wp\/v2\/users\/2"}],"replies":[{"embeddable":true,"href":"https:\/\/dgospel.com.br\/portal\/index.php\/wp-json\/wp\/v2\/comments?post=19002"}],"version-history":[{"count":1,"href":"https:\/\/dgospel.com.br\/portal\/index.php\/wp-json\/wp\/v2\/posts\/19002\/revisions"}],"predecessor-version":[{"id":19004,"href":"https:\/\/dgospel.com.br\/portal\/index.php\/wp-json\/wp\/v2\/posts\/19002\/revisions\/19004"}],"wp:featuredmedia":[{"embeddable":true,"href":"https:\/\/dgospel.com.br\/portal\/index.php\/wp-json\/wp\/v2\/media\/19003"}],"wp:attachment":[{"href":"https:\/\/dgospel.com.br\/portal\/index.php\/wp-json\/wp\/v2\/media?parent=19002"}],"wp:term":[{"taxonomy":"category","embeddable":true,"href":"https:\/\/dgospel.com.br\/portal\/index.php\/wp-json\/wp\/v2\/categories?post=19002"},{"taxonomy":"post_tag","embeddable":true,"href":"https:\/\/dgospel.com.br\/portal\/index.php\/wp-json\/wp\/v2\/tags?post=19002"}],"curies":[{"name":"wp","href":"https:\/\/api.w.org\/{rel}","templated":true}]}}