{"id":19005,"date":"2024-04-17T18:33:29","date_gmt":"2024-04-17T21:33:29","guid":{"rendered":"https:\/\/dgospel.com.br\/portal\/?p=19005"},"modified":"2024-04-17T18:33:30","modified_gmt":"2024-04-17T21:33:30","slug":"maior-evento-de-comunicacao-politica-e-institucional-do-pais-chega-ao-tocantins","status":"publish","type":"post","link":"https:\/\/dgospel.com.br\/portal\/index.php\/2024\/04\/17\/maior-evento-de-comunicacao-politica-e-institucional-do-pais-chega-ao-tocantins\/","title":{"rendered":"Maior evento de comunica\u00e7\u00e3o pol\u00edtica e institucional do pa\u00eds chega ao Tocantins"},"content":{"rendered":"\n<p>O Compol Tocantins acontece no dia 19 de abril (sexta-feira), no audit\u00f3rio da OAB Tocantins, em Palmas, das 8h \u00e0s 18h. O maior evento de comunica\u00e7\u00e3o pol\u00edtica e institucional do Brasil tem sua primeira edi\u00e7\u00e3o no estado, com a presen\u00e7a de palestrantes de renome nacional, internacional e regional.<\/p>\n\n\n\n<p>O parceiro local para a realiza\u00e7\u00e3o do evento \u00e9 a estrategista pol\u00edtica e palestrante Dani Braga. \u201c\u00c9 uma grande alegria trazer a melhor das edi\u00e7\u00f5es regionais do Compol para o Tocantins, a minha terra. Um espa\u00e7o incr\u00edvel de forma\u00e7\u00e3o para quem deseja se preparar para as elei\u00e7\u00f5es de 2024 ou alavancar a sua carreira no marketing pol\u00edtico e institucional. Oportunidade \u00fanica para fazer um \u00f3timo networking e neg\u00f3cio, um interc\u00e2mbio em que todos saem ganhando\u201d, disse Dani Braga, organizadora do evento.<\/p>\n\n\n\n<p><strong>Palestrantes de renome<\/strong><\/p>\n\n\n\n<p>O evento vai contar com palestrantes de renome nacional e internacional. Entre eles est\u00e3o o estrategista Emerson Saraiva, do Eleja-se, o estrategista de conte\u00fado Lucas Pimenta, o estrategista digital Marcello Natale, o estrategista de mobiliza\u00e7\u00e3o Fabr\u00edcio Moser, o estrategista internacional Paulo Resende, o estrategista Rodrigo Gouveia, o estrategista de conte\u00fado Gilson Fernandes, a estrategista espanhola Nerea Garcia e o respons\u00e1vel pelo case da prefeitura de Salvador nas redes sociais, PV Bispo.<\/p>\n\n\n\n<p>Do Tocantins estar\u00e3o presentes como painelistas o estrategista Marcelo Silva, a jornalista Roberta Tum, o jornalista Cleber Toledo, a jornalista Maju Cotrim, e a presidente do Sindicato dos Jornalistas, Alessandra Bacelar.<\/p>\n\n\n\n<p><strong>Certificado<\/strong><\/p>\n\n\n\n<p>O evento fornece certificado de participa\u00e7\u00e3o e \u00e9 destinado a jornalistas que cobrem pol\u00edtica; assessores de imprensa de agentes pol\u00edticos; jornalistas; profissionais do marketing pol\u00edtico e comunicadores em geral; al\u00e9m de pol\u00edticos e aspirantes \u00e0 vida p\u00fablica.<\/p>\n\n\n\n<p><strong>O que \u00e9 o Compol<\/strong><\/p>\n\n\n\n<p>O Compol \u00e9 o maior congresso de marketing pol\u00edtico do Brasil e promove uma troca de ideias sobre diversos aspectos da produ\u00e7\u00e3o de conte\u00fado e da pol\u00edtica. O evento conta com palestrantes ligados \u00e0 pol\u00edtica e gest\u00e3o p\u00fablica, al\u00e9m de especialistas de diversas \u00e1reas da comunica\u00e7\u00e3o, tanto do jornalismo como do marketing.<\/p>\n\n\n\n<p>O estrategista digital e um dos respons\u00e1veis pela marca Compol, Marcello Natale, disse que o Congresso de Marketing Pol\u00edtico j\u00e1 est\u00e1 presente nos maiores estados brasileiros e que sua chegada ao Tocantins coloca o estado na rota dos grandes encontros e das grandes discuss\u00f5es pol\u00edticas.<\/p>\n\n\n\n<p><strong>Como se inscrever para participar<\/strong><\/p>\n\n\n\n<p>Os interessados em participar do Compol Tocantins podem se inscrever por meio do link: https:\/\/compolbrasil.com.br\/compol-tocantins\/<\/p>\n\n\n\n<p>O qu\u00ea: Compol Tocantins<\/p>\n\n\n\n<p>Quando: 19 de abril de 2024, das 8h \u00e0s 18h.<\/p>\n\n\n\n<p>Onde: Audit\u00f3rio da OAB Tocantins, Palmas-TO.<\/p>\n\n\n\n<p>Fonte: Ascom<\/p>\n","protected":false},"excerpt":{"rendered":"<p>O Compol Tocantins acontece no dia 19 de abril (sexta-feira), no audit\u00f3rio da OAB Tocantins, em Palmas, das 8h \u00e0s 18h. O maior evento de comunica\u00e7\u00e3o pol\u00edtica e institucional do Brasil tem sua primeira edi\u00e7\u00e3o no estado, com a presen\u00e7a de palestrantes de renome nacional, internacional e regional. O parceiro local para a realiza\u00e7\u00e3o do [&hellip;]<\/p>\n","protected":false},"author":2,"featured_media":19006,"comment_status":"open","ping_status":"open","sticky":false,"template":"","format":"standard","meta":[],"categories":[10],"tags":[],"_links":{"self":[{"href":"https:\/\/dgospel.com.br\/portal\/index.php\/wp-json\/wp\/v2\/posts\/19005"}],"collection":[{"href":"https:\/\/dgospel.com.br\/portal\/index.php\/wp-json\/wp\/v2\/posts"}],"about":[{"href":"https:\/\/dgospel.com.br\/portal\/index.php\/wp-json\/wp\/v2\/types\/post"}],"author":[{"embeddable":true,"href":"https:\/\/dgospel.com.br\/portal\/index.php\/wp-json\/wp\/v2\/users\/2"}],"replies":[{"embeddable":true,"href":"https:\/\/dgospel.com.br\/portal\/index.php\/wp-json\/wp\/v2\/comments?post=19005"}],"version-history":[{"count":1,"href":"https:\/\/dgospel.com.br\/portal\/index.php\/wp-json\/wp\/v2\/posts\/19005\/revisions"}],"predecessor-version":[{"id":19007,"href":"https:\/\/dgospel.com.br\/portal\/index.php\/wp-json\/wp\/v2\/posts\/19005\/revisions\/19007"}],"wp:featuredmedia":[{"embeddable":true,"href":"https:\/\/dgospel.com.br\/portal\/index.php\/wp-json\/wp\/v2\/media\/19006"}],"wp:attachment":[{"href":"https:\/\/dgospel.com.br\/portal\/index.php\/wp-json\/wp\/v2\/media?parent=19005"}],"wp:term":[{"taxonomy":"category","embeddable":true,"href":"https:\/\/dgospel.com.br\/portal\/index.php\/wp-json\/wp\/v2\/categories?post=19005"},{"taxonomy":"post_tag","embeddable":true,"href":"https:\/\/dgospel.com.br\/portal\/index.php\/wp-json\/wp\/v2\/tags?post=19005"}],"curies":[{"name":"wp","href":"https:\/\/api.w.org\/{rel}","templated":true}]}}