{"id":1902,"date":"2018-11-20T11:27:38","date_gmt":"2018-11-20T13:27:38","guid":{"rendered":"http:\/\/dgospel.com.br\/portal\/?p=1902"},"modified":"2018-11-20T11:27:38","modified_gmt":"2018-11-20T13:27:38","slug":"deputados-participam-da-entrega-de-obras-do-minha-casa-minha-vida-em-palmas","status":"publish","type":"post","link":"https:\/\/dgospel.com.br\/portal\/index.php\/2018\/11\/20\/deputados-participam-da-entrega-de-obras-do-minha-casa-minha-vida-em-palmas\/","title":{"rendered":"Deputados participam da entrega de obras do Minha Casa Minha Vida em Palmas"},"content":{"rendered":"<div class=\"addthis_toolbox addthis_default_style\">\n<div class=\"span3 pull-right\">\n<div class=\"google_plusone_iframe_widget\">\n<div id=\"___plusone_0\">A presidente da Assembleia Legislativa, Luana Ribeiro (PSDB), os parlamentares Eli Borges (SD) e Valderez Castelo Branco (PP) e a deputada eleita Vanda Monteiro (PSL) participaram da entrega de 160 apartamentos do programa Minha Casa Minha Vida, do Residencial Parque da Praia, pr\u00f3ximo\u00a0\u00e0 Praia\u00a0das Arnos, em Palmas.<\/div>\n<\/div>\n<\/div>\n<\/div>\n<p>O evento aconteceu na manh\u00e3 desta segunda-feira, dia 19, e contou com a participa\u00e7\u00e3o do ministro das Cidades, Alexandre Baldy, do governador Mauro Carlesse (PHS), de deputados federais e de outras autoridades.<\/p>\n<p>O empreendimento possui \u00e1rea de mais de nove mil metros quadrados, onde foram constru\u00eddos os 160 apartamentos da Faixa 1, do Minha Casa Minha Vida (Entidades). O terreno constitui doa\u00e7\u00e3o do Governo do Estado, por meio da Companhia Imobili\u00e1ria do Tocantins (Terratins), ap\u00f3s aprova\u00e7\u00e3o da Assembleia Legislativa. Al\u00e9m da \u00e1rea, foi doada outra de 12.761,88 metros quadrados, onde ser\u00e3o constru\u00eddos mais 192 apartamentos da Faixa 1,5, do programa.<\/p>\n<p>As unidades habitacionais entregues nesta segunda s\u00e3o resultado de parceria entre o Governo estadual, a Federa\u00e7\u00e3o das Associa\u00e7\u00f5es Comunit\u00e1rias e de Moradores do Tocantins (Facom) e a Caixa Econ\u00f4mica Federal.<\/p>\n<p>Para Luana Ribeiro, projetos assim s\u00e3o fundamentais para a redu\u00e7\u00e3o do d\u00e9ficit habitacional em Palmas e em outras cidades tocantinenses. \u201cIniciativas como essa s\u00e3o muito bem-vindas e, no que depender de n\u00f3s, a sociedade poder\u00e1 sempre contar com os deputados\u201d, concluiu.<\/p>\n<p>Programa Minha Casa Minha Vida \u2013 Entidades<\/p>\n<p>O Programa Minha Casa Minha Vida &#8211; Entidades tem como objetivo atender \u00e0s necessidades de habita\u00e7\u00e3o da popula\u00e7\u00e3o de baixa renda nas \u00e1reas urbanas, garantindo acesso\u00a0a\u00a0moradia digna com padr\u00f5es m\u00ednimos de sustentabilidade, seguran\u00e7a e habitabilidade.<\/p>\n<p>O programa concede financiamento diretamente aos benefici\u00e1rios (pessoa f\u00edsica) ou \u00e0\u00a0entidade organizadora\u00a0(pessoa jur\u00eddica) que re\u00fane os benefici\u00e1rios, utilizando recursos provenientes do Or\u00e7amento Geral da Uni\u00e3o (OGU) depositados ao Fundo de Desenvolvimento Social (FDS). (Rubens Gon\u00e7alves &#8211; com informa\u00e7\u00f5es Secom\/TO)<\/p>\n","protected":false},"excerpt":{"rendered":"<p>A presidente da Assembleia Legislativa, Luana Ribeiro (PSDB), os parlamentares Eli Borges (SD) e Valderez Castelo Branco (PP) e a deputada eleita Vanda Monteiro (PSL) participaram da entrega de 160 apartamentos do programa Minha Casa Minha Vida, do Residencial Parque da Praia, pr\u00f3ximo\u00a0\u00e0 Praia\u00a0das Arnos, em Palmas. O evento aconteceu na manh\u00e3 desta segunda-feira, dia [&hellip;]<\/p>\n","protected":false},"author":2,"featured_media":1903,"comment_status":"open","ping_status":"open","sticky":false,"template":"","format":"standard","meta":[],"categories":[8],"tags":[],"_links":{"self":[{"href":"https:\/\/dgospel.com.br\/portal\/index.php\/wp-json\/wp\/v2\/posts\/1902"}],"collection":[{"href":"https:\/\/dgospel.com.br\/portal\/index.php\/wp-json\/wp\/v2\/posts"}],"about":[{"href":"https:\/\/dgospel.com.br\/portal\/index.php\/wp-json\/wp\/v2\/types\/post"}],"author":[{"embeddable":true,"href":"https:\/\/dgospel.com.br\/portal\/index.php\/wp-json\/wp\/v2\/users\/2"}],"replies":[{"embeddable":true,"href":"https:\/\/dgospel.com.br\/portal\/index.php\/wp-json\/wp\/v2\/comments?post=1902"}],"version-history":[{"count":1,"href":"https:\/\/dgospel.com.br\/portal\/index.php\/wp-json\/wp\/v2\/posts\/1902\/revisions"}],"predecessor-version":[{"id":1904,"href":"https:\/\/dgospel.com.br\/portal\/index.php\/wp-json\/wp\/v2\/posts\/1902\/revisions\/1904"}],"wp:featuredmedia":[{"embeddable":true,"href":"https:\/\/dgospel.com.br\/portal\/index.php\/wp-json\/wp\/v2\/media\/1903"}],"wp:attachment":[{"href":"https:\/\/dgospel.com.br\/portal\/index.php\/wp-json\/wp\/v2\/media?parent=1902"}],"wp:term":[{"taxonomy":"category","embeddable":true,"href":"https:\/\/dgospel.com.br\/portal\/index.php\/wp-json\/wp\/v2\/categories?post=1902"},{"taxonomy":"post_tag","embeddable":true,"href":"https:\/\/dgospel.com.br\/portal\/index.php\/wp-json\/wp\/v2\/tags?post=1902"}],"curies":[{"name":"wp","href":"https:\/\/api.w.org\/{rel}","templated":true}]}}