{"id":19029,"date":"2024-04-17T19:15:30","date_gmt":"2024-04-17T22:15:30","guid":{"rendered":"https:\/\/dgospel.com.br\/portal\/?p=19029"},"modified":"2024-04-17T19:15:31","modified_gmt":"2024-04-17T22:15:31","slug":"moraes-corre-a-lira-para-tentar-barrar-a-cpi-contra-stf","status":"publish","type":"post","link":"https:\/\/dgospel.com.br\/portal\/index.php\/2024\/04\/17\/moraes-corre-a-lira-para-tentar-barrar-a-cpi-contra-stf\/","title":{"rendered":"Moraes corre a Lira para tentar barrar a CPI contra STF"},"content":{"rendered":"\n<p>Em uma crescente tens\u00e3o entre o Supremo Tribunal Federal (STF) e o Congresso Nacional, o ministro Alexandre de Moraes, presidente do Tribunal Superior Eleitoral (TSE), procurou o presidente da C\u00e2mara dos Deputados, Arthur Lira (PP-AL), nesta quarta-feira (17). A reuni\u00e3o, que n\u00e3o estava agendada publicamente, ocorreu logo ap\u00f3s Lira anunciar a instala\u00e7\u00e3o de uma Comiss\u00e3o Parlamentar de Inqu\u00e9rito (CPI) visando apurar poss\u00edveis abusos do Judici\u00e1rio e debater um projeto que limitaria investiga\u00e7\u00f5es contra parlamentares, exigindo autoriza\u00e7\u00e3o do Congresso para tais iniciativas.<\/p>\n\n\n\n<p>Segundo fontes, a conversa Moraes e Lira foi \u201cdura\u201d e \u00e1spera. Apesar disso, a tens\u00e3o aparente n\u00e3o se refletiu publicamente. Em seguida, Moraes foi ao Senado para a instala\u00e7\u00e3o da comiss\u00e3o que discutir\u00e1 a reforma do C\u00f3digo Civil e, ao lado do presidente do Senado, Rodrigo Pacheco, e aparentou estar bem-humorado. Moraes chegou a brincar sobre a inexist\u00eancia de redes sociais no in\u00edcio do s\u00e9culo, comentando que \u201cn\u00f3s j\u00e1 \u00e9ramos felizes e n\u00e3o sab\u00edamos\u201d.<\/p>\n\n\n\n<p>Internamente, ministros do STF consideram que n\u00e3o h\u00e1 uma crise entre os poderes, mas sim desgastes normais relacionados \u00e0s fun\u00e7\u00f5es de cada institui\u00e7\u00e3o, tanto do Judici\u00e1rio quanto do Legislativo. Este encontro entre Moraes e Lira aconteceu um dia ap\u00f3s o Senado se adiantar a um julgamento no Supremo, aprovando em dois turnos uma emenda constitucional que criminaliza a posse ou o porte de dr0gas, independente da quantidade. No STF, onde a maioria dos ministros inclina-se para descriminalizar a posse e o porte de mac0nha, h\u00e1 um debate sobre a quantidade que distinguiria usu\u00e1rios de traficantes.<\/p>\n\n\n\n<p>Fonte: horabrasilia<\/p>\n","protected":false},"excerpt":{"rendered":"<p>Em uma crescente tens\u00e3o entre o Supremo Tribunal Federal (STF) e o Congresso Nacional, o ministro Alexandre de Moraes, presidente do Tribunal Superior Eleitoral (TSE), procurou o presidente da C\u00e2mara dos Deputados, Arthur Lira (PP-AL), nesta quarta-feira (17). A reuni\u00e3o, que n\u00e3o estava agendada publicamente, ocorreu logo ap\u00f3s Lira anunciar a instala\u00e7\u00e3o de uma Comiss\u00e3o [&hellip;]<\/p>\n","protected":false},"author":2,"featured_media":19030,"comment_status":"open","ping_status":"open","sticky":false,"template":"","format":"standard","meta":[],"categories":[10],"tags":[],"_links":{"self":[{"href":"https:\/\/dgospel.com.br\/portal\/index.php\/wp-json\/wp\/v2\/posts\/19029"}],"collection":[{"href":"https:\/\/dgospel.com.br\/portal\/index.php\/wp-json\/wp\/v2\/posts"}],"about":[{"href":"https:\/\/dgospel.com.br\/portal\/index.php\/wp-json\/wp\/v2\/types\/post"}],"author":[{"embeddable":true,"href":"https:\/\/dgospel.com.br\/portal\/index.php\/wp-json\/wp\/v2\/users\/2"}],"replies":[{"embeddable":true,"href":"https:\/\/dgospel.com.br\/portal\/index.php\/wp-json\/wp\/v2\/comments?post=19029"}],"version-history":[{"count":1,"href":"https:\/\/dgospel.com.br\/portal\/index.php\/wp-json\/wp\/v2\/posts\/19029\/revisions"}],"predecessor-version":[{"id":19031,"href":"https:\/\/dgospel.com.br\/portal\/index.php\/wp-json\/wp\/v2\/posts\/19029\/revisions\/19031"}],"wp:featuredmedia":[{"embeddable":true,"href":"https:\/\/dgospel.com.br\/portal\/index.php\/wp-json\/wp\/v2\/media\/19030"}],"wp:attachment":[{"href":"https:\/\/dgospel.com.br\/portal\/index.php\/wp-json\/wp\/v2\/media?parent=19029"}],"wp:term":[{"taxonomy":"category","embeddable":true,"href":"https:\/\/dgospel.com.br\/portal\/index.php\/wp-json\/wp\/v2\/categories?post=19029"},{"taxonomy":"post_tag","embeddable":true,"href":"https:\/\/dgospel.com.br\/portal\/index.php\/wp-json\/wp\/v2\/tags?post=19029"}],"curies":[{"name":"wp","href":"https:\/\/api.w.org\/{rel}","templated":true}]}}