{"id":19035,"date":"2024-04-17T20:45:20","date_gmt":"2024-04-17T23:45:20","guid":{"rendered":"https:\/\/dgospel.com.br\/portal\/?p=19035"},"modified":"2024-04-24T21:03:01","modified_gmt":"2024-04-25T00:03:01","slug":"governador-wanderlei-barbosa-visita-obra-da-ponte-de-porto-nacional-e-anuncia-entrega-para-14-de-junho","status":"publish","type":"post","link":"https:\/\/dgospel.com.br\/portal\/index.php\/2024\/04\/17\/governador-wanderlei-barbosa-visita-obra-da-ponte-de-porto-nacional-e-anuncia-entrega-para-14-de-junho\/","title":{"rendered":"Governador Wanderlei Barbosa visita obra da Ponte de Porto Nacional e anuncia entrega para 14 de junho"},"content":{"rendered":"\n<p>O governador Wanderlei Barbosa e o presidente da Ag\u00eancia de Transportes, Obras e Infraestrutura (Ageto), M\u00e1rcio Pinheiro, realizaram uma visita t\u00e9cnica \u00e0 nova ponte de Porto Nacional na tarde desta ter\u00e7a-feira, 16. Durante a inspe\u00e7\u00e3o, o governador anunciou que a inaugura\u00e7\u00e3o da estrutura est\u00e1 agendada para o dia 14 de junho, marcando a fase final de sua constru\u00e7\u00e3o.<\/p>\n\n\n\n<p>\u201cViemos realizar mais uma vistoria na ponte de Porto Nacional. Essa \u00e9 uma obra importante para o agroneg\u00f3cio, o com\u00e9rcio e a mobilidade das pessoas. O trabalho est\u00e1 chegando na reta final e, com muita alegria, anunciamos que, no dia 14 de junho, iremos inaugurar a nova ponte de Porto Nacional, mais uma obra importante para a popula\u00e7\u00e3o tocantinense\u201d, ressaltou o governador Wanderlei Barbosa.<\/p>\n\n\n\n<p>O presidente da Ageto, M\u00e1rcio Pinheiro, ressaltou que a obra est\u00e1 com 90% conclu\u00edda e em fase de acabamento. \u201cEstamos muito felizes com a finaliza\u00e7\u00e3o dessa obra que \u00e9 de grande import\u00e2ncia para o nosso Estado. Chegamos a conclus\u00e3o de 90% de toda a estrutura e, hoje, o governador Wanderlei Barbosa ser\u00e1 o primeiro a atravessar a ponte de um lado ao outro. Estamos em fase de conclus\u00e3o realizando todo o acabamento da ponte, como ilumina\u00e7\u00e3o e estrutura asf\u00e1ltica para poder entregar tudo conforme a determina\u00e7\u00e3o do nosso governador\u201d, declarou M\u00e1rcio Pinheiro.<\/p>\n\n\n\n<p><strong>Ponte sobre o Rio Tocantins<\/strong><\/p>\n\n\n\n<p>Localizada estrategicamente sobre o Rio Tocantins, a ponte de Porto Nacional desempenha um papel crucial na infraestrutura de transporte do Estado, conectando regi\u00f5es e facilitando o fluxo de pessoas e mercadorias. Ao todo, s\u00e3o 90 vigas que comp\u00f5em a estrutura da constru\u00e7\u00e3o, que consiste na maior obra de infraestrutura em andamento do Estado, com investimento de R$ 149 milh\u00f5es do Governo do Tocantins em parceria com o Banco de Bras\u00edlia. A estrutura da ponte \u00e9 de 1.088 metros, al\u00e9m do encabe\u00e7amento de 200 metros de cada lado, totalizando 1.488 metros.<\/p>\n\n\n\n<p>Segundo o engenheiro civil da Ageto, Luciano Bertazzi, respons\u00e1vel pela obra, toda equipe est\u00e1 empenhada em finalizar a obra em tempo h\u00e1bil. \u201cCom o fim do lan\u00e7amento das vigas e dos balan\u00e7os sucessivos, estamos agora na parte de acabamento. Ou seja, preparando para receber a capa asf\u00e1ltica, a parte de junta entre partes da ponte e terminando de colocar os guarda-rodas, pintura, o guarda-corpo, met\u00e1lico para prote\u00e7\u00e3o dos pedestres e a parte de cabeamento para receber a parte el\u00e9trica e a ilumina\u00e7\u00e3o\u201d, afirmou o engenheiro.<\/p>\n\n\n\n<p>A visita tamb\u00e9m contou com a participa\u00e7\u00e3o do deputado federal Antonio Andrade e demais autoridades do Estado e do munic\u00edpio de Porto Nacional.<\/p>\n\n\n\n<p><img src=\"https:\/\/central.to.gov.br\/image\/373067?w=670&amp;h=383\"><\/p>\n\n\n\n<p>Ao todo, s\u00e3o 90 vigas que comp\u00f5em a estrutura da constru\u00e7\u00e3o, que consiste na maior obra de infraestrutura em andamento do Estado &#8211; Esequias Araujo\/Governo do Tocantins&nbsp;<a href=\"https:\/\/central.to.gov.br\/image\/373067?f=1\" target=\"_blank\" rel=\"noreferrer noopener\"><em>file_download<\/em><\/a><\/p>\n\n\n\n<p><img src=\"https:\/\/central.to.gov.br\/image\/373066?w=670&amp;h=383\"><\/p>\n\n\n\n<p>Localizada estrategicamente sobre o Rio Tocantins, a Ponte de Porto Nacional desempenha um papel crucial na infraestrutura de transporte do Estado &#8211; Esequias Araujo\/Governo do Tocantins&nbsp;<a href=\"https:\/\/central.to.gov.br\/image\/373066?f=1\" target=\"_blank\" rel=\"noreferrer noopener\"><em>file_download<\/em><\/a><\/p>\n\n\n\n<p><img src=\"https:\/\/central.to.gov.br\/image\/373065?w=670&amp;h=383\"><\/p>\n\n\n\n<p>A visita tamb\u00e9m contou com a participa\u00e7\u00e3o do deputado federal Antonio Andrade e demais autoridades do Estado e do munic\u00edpio de Porto Nacional &#8211; Esequias Araujo\/Governo do Tocantins&nbsp;<a href=\"https:\/\/central.to.gov.br\/image\/373065?f=1\" target=\"_blank\" rel=\"noreferrer noopener\"><em>file_download<\/em><\/a><\/p>\n\n\n\n<p><img src=\"https:\/\/central.to.gov.br\/image\/373064?w=670&amp;h=383\"><\/p>\n\n\n\n<p>Segundo o engenheiro civil da Ageto, Luciano Bertazzi, respons\u00e1vel pela obra, toda a equipe est\u00e1 empenhada em finalizar a obra em tempo h\u00e1bil &#8211; Esequias Araujo\/Governo do Tocantins&nbsp;<a href=\"https:\/\/central.to.gov.br\/image\/373064?f=1\" target=\"_blank\" rel=\"noreferrer noopener\"><em>file_download<\/em><\/a><\/p>\n\n\n\n<p><img src=\"https:\/\/central.to.gov.br\/image\/373063?w=670&amp;h=383\"><\/p>\n\n\n\n<p>Governador Wanderlei Barbosa e o presidente da Ageto, Marcio Pinheiro, inspecionando a nova ponte de Porto Nacional durante a visita t\u00e9cnica &#8211; Esequias Araujo\/Governo do Tocantins&nbsp;<a href=\"https:\/\/central.to.gov.br\/image\/373063?f=1\" target=\"_blank\" rel=\"noreferrer noopener\"><em>file_download<\/em><\/a><\/p>\n\n\n\n<p><img src=\"https:\/\/central.to.gov.br\/image\/373062?w=670&amp;h=383\"><\/p>\n\n\n\n<p>Governador Wanderlei Barbosa visita obra da Ponte de Porto Nacional e anuncia entrega para 14 de junho &#8211; Esequias Araujo\/Governo do Tocantins&nbsp;<a href=\"https:\/\/central.to.gov.br\/image\/373062?f=1\" target=\"_blank\" rel=\"noreferrer noopener\"><em>file_download<\/em><\/a><\/p>\n","protected":false},"excerpt":{"rendered":"<p>O governador Wanderlei Barbosa e o presidente da Ag\u00eancia de Transportes, Obras e Infraestrutura (Ageto), M\u00e1rcio Pinheiro, realizaram uma visita t\u00e9cnica \u00e0 nova ponte de Porto Nacional na tarde desta ter\u00e7a-feira, 16. Durante a inspe\u00e7\u00e3o, o governador anunciou que a inaugura\u00e7\u00e3o da estrutura est\u00e1 agendada para o dia 14 de junho, marcando a fase final [&hellip;]<\/p>\n","protected":false},"author":2,"featured_media":19036,"comment_status":"open","ping_status":"open","sticky":false,"template":"","format":"standard","meta":[],"categories":[3],"tags":[],"_links":{"self":[{"href":"https:\/\/dgospel.com.br\/portal\/index.php\/wp-json\/wp\/v2\/posts\/19035"}],"collection":[{"href":"https:\/\/dgospel.com.br\/portal\/index.php\/wp-json\/wp\/v2\/posts"}],"about":[{"href":"https:\/\/dgospel.com.br\/portal\/index.php\/wp-json\/wp\/v2\/types\/post"}],"author":[{"embeddable":true,"href":"https:\/\/dgospel.com.br\/portal\/index.php\/wp-json\/wp\/v2\/users\/2"}],"replies":[{"embeddable":true,"href":"https:\/\/dgospel.com.br\/portal\/index.php\/wp-json\/wp\/v2\/comments?post=19035"}],"version-history":[{"count":1,"href":"https:\/\/dgospel.com.br\/portal\/index.php\/wp-json\/wp\/v2\/posts\/19035\/revisions"}],"predecessor-version":[{"id":19037,"href":"https:\/\/dgospel.com.br\/portal\/index.php\/wp-json\/wp\/v2\/posts\/19035\/revisions\/19037"}],"wp:featuredmedia":[{"embeddable":true,"href":"https:\/\/dgospel.com.br\/portal\/index.php\/wp-json\/wp\/v2\/media\/19036"}],"wp:attachment":[{"href":"https:\/\/dgospel.com.br\/portal\/index.php\/wp-json\/wp\/v2\/media?parent=19035"}],"wp:term":[{"taxonomy":"category","embeddable":true,"href":"https:\/\/dgospel.com.br\/portal\/index.php\/wp-json\/wp\/v2\/categories?post=19035"},{"taxonomy":"post_tag","embeddable":true,"href":"https:\/\/dgospel.com.br\/portal\/index.php\/wp-json\/wp\/v2\/tags?post=19035"}],"curies":[{"name":"wp","href":"https:\/\/api.w.org\/{rel}","templated":true}]}}