{"id":19038,"date":"2024-04-17T20:48:10","date_gmt":"2024-04-17T23:48:10","guid":{"rendered":"https:\/\/dgospel.com.br\/portal\/?p=19038"},"modified":"2024-04-24T21:00:24","modified_gmt":"2024-04-25T00:00:24","slug":"governo-do-tocantins-entrega-notebooks-para-professores-que-atuam-na-seduc","status":"publish","type":"post","link":"https:\/\/dgospel.com.br\/portal\/index.php\/2024\/04\/17\/governo-do-tocantins-entrega-notebooks-para-professores-que-atuam-na-seduc\/","title":{"rendered":"Governo do Tocantins entrega notebooks para professores que atuam na Seduc"},"content":{"rendered":"\n<p>O Governo do Tocantins, por meio da Secretaria de Estado da Educa\u00e7\u00e3o (Seduc), realizou nessa ter\u00e7a-feira, 16, a entrega de notebooks para professores efetivos que atuam na Pasta e anexos.<\/p>\n\n\n\n<p>A iniciativa faz parte do Programa de Fortalecimento da Educa\u00e7\u00e3o (Profe), dentro do Profe Digital, que visa promover melhorias na aprendizagem e na qualidade do ensino, investindo em moderniza\u00e7\u00e3o e tecnologia.<\/p>\n\n\n\n<p>Durante o evento, o secret\u00e1rio de Estado da Educa\u00e7\u00e3o, F\u00e1bio Vaz, ressaltou a grande satisfa\u00e7\u00e3o em promover essa a\u00e7\u00e3o. \u201cHoje [ter\u00e7a, 16], entregar os notebooks \u00e9 maravilhoso, al\u00e9m deles, estamos entregando tamb\u00e9m uma licen\u00e7a do Google. \u00c9 uma ferramenta moderna de trabalho que ir\u00e1 propiciar mais efetividade, otimizando as a\u00e7\u00f5es da Educa\u00e7\u00e3o\u201d, afirmou.<\/p>\n\n\n\n<p>A servidora da Seduc, Luc\u00edlia Ferreira, compartilhou sua emo\u00e7\u00e3o. \u201c\u00c9 um momento \u00fanico. \u00c9 um sentimento de felicidade e reconhecimento pelo nosso trabalho. Com certeza, nosso trabalho ter\u00e1 um diferencial agora, com o aux\u00edlio de tecnologias de ponta. \u00c9 uma gest\u00e3o que o Tocantins nunca teve antes\u201d, pontuou.<\/p>\n\n\n\n<p>Para o servidor Valcelir Borges, efetivo h\u00e1 24 anos, a educa\u00e7\u00e3o do Tocantins est\u00e1 vivendo um momento de muita import\u00e2ncia e valoriza\u00e7\u00e3o do servidor. \u201cEsse notebook \u00e9 essencial para a nossa carreira, para as atividades que a gente desenvolve nesse contexto do mundo tecnol\u00f3gico. E, por outro lado, tamb\u00e9m \u00e9 importante para impulsionar as atividades que a gente faz, muitas das vezes em home office&#8221;, pontuou.<\/p>\n\n\n\n<p>\u201cA valoriza\u00e7\u00e3o n\u00e3o \u00e9 s\u00f3 a quest\u00e3o salarial. A partir do momento que voc\u00ea d\u00e1 oportunidade de ter acesso aos meios tecnol\u00f3gicos, tamb\u00e9m abre uma porta para que o servidor possa investir mais em forma\u00e7\u00e3o, poder ter maior dom\u00ednio das tecnologias e dialogar com outras metodologias interativas que est\u00e3o a\u00ed para serem utilizadas na nossa profiss\u00e3o\u201d, completou Valcelir.<\/p>\n\n\n\n<p>O servidor Nelson Maciel agradeceu aos gestores pela valoriza\u00e7\u00e3o. \u201cO governador Wanderlei e o professor F\u00e1bio Vaz est\u00e3o fazendo a diferen\u00e7a na educa\u00e7\u00e3o. N\u00f3s estamos nos sentindo valorizados e esse computador ser\u00e1 muito importante para as nossas forma\u00e7\u00f5es, para nosso estudo. Hoje, sentimos prazer na educa\u00e7\u00e3o e em trabalhar. Alegria e gratid\u00e3o tamb\u00e9m, muita gratid\u00e3o\u201d, afirmou.<\/p>\n\n\n\n<p><strong>Profe Digital<\/strong><\/p>\n\n\n\n<p>O Profe Digital \u00e9 uma a\u00e7\u00e3o que integra o Programa de Fortalecimento da Educa\u00e7\u00e3o, que tem como objetivo promover a melhoria das aprendizagens e da qualidade de ensino, investindo em moderniza\u00e7\u00e3o e tecnologia, al\u00e9m de permitir o acesso \u00e0 conectividade em escolas situadas em regi\u00f5es de maior vulnerabilidade socioecon\u00f4mica e de baixo desempenho em indicadores educacionais.<\/p>\n\n\n\n<p><\/p>\n\n\n\n<p><img src=\"https:\/\/central.to.gov.br\/image\/373151?w=670&amp;h=383\"><\/p>\n\n\n\n<p>Professora e servidora da Seduc, Luc\u00edlia Ferreira, destaca efici\u00eancia da gest\u00e3o &#8211; Gabriela Rossi\/Governo do Tocantins&nbsp;<a href=\"https:\/\/central.to.gov.br\/image\/373151?f=1\" target=\"_blank\" rel=\"noreferrer noopener\"><em>file_download<\/em><\/a><\/p>\n\n\n\n<p><img src=\"https:\/\/central.to.gov.br\/image\/373150?w=670&amp;h=383\"><\/p>\n\n\n\n<p>Neste primeiro momento, os notebooks est\u00e3o sendo entregues para os professores efetivos e, posteriormente, ser\u00e3o disponibilizados para os contratados &#8211; Eziel Cabral\/Governo do Tocantins&nbsp;<a href=\"https:\/\/central.to.gov.br\/image\/373150?f=1\" target=\"_blank\" rel=\"noreferrer noopener\"><em>file_download<\/em><\/a><\/p>\n\n\n\n<p><img src=\"https:\/\/central.to.gov.br\/image\/373149?w=670&amp;h=383\"><\/p>\n\n\n\n<p>Professor e servidor de programas e projetos da Seduc, Nelson Maciel &#8211; Gabriela Rossi\/Governo do Tocantins&nbsp;<a href=\"https:\/\/central.to.gov.br\/image\/373149?f=1\" target=\"_blank\" rel=\"noreferrer noopener\"><em>file_download<\/em><\/a><\/p>\n\n\n\n<p><img src=\"https:\/\/central.to.gov.br\/image\/373148?w=670&amp;h=383\"><\/p>\n\n\n\n<p>Professor e servidor de programas e projetos da Seduc, Nelson Maciel &#8211; Gabriela Rossi\/Governo do Tocantins&nbsp;<a href=\"https:\/\/central.to.gov.br\/image\/373148?f=1\" target=\"_blank\" rel=\"noreferrer noopener\"><em>file_download<\/em><\/a><a href=\"javascript:\"><em>keyboard_arrow_up<\/em><\/a><\/p>\n","protected":false},"excerpt":{"rendered":"<p>O Governo do Tocantins, por meio da Secretaria de Estado da Educa\u00e7\u00e3o (Seduc), realizou nessa ter\u00e7a-feira, 16, a entrega de notebooks para professores efetivos que atuam na Pasta e anexos. A iniciativa faz parte do Programa de Fortalecimento da Educa\u00e7\u00e3o (Profe), dentro do Profe Digital, que visa promover melhorias na aprendizagem e na qualidade do [&hellip;]<\/p>\n","protected":false},"author":2,"featured_media":19039,"comment_status":"open","ping_status":"open","sticky":false,"template":"","format":"standard","meta":[],"categories":[3],"tags":[],"_links":{"self":[{"href":"https:\/\/dgospel.com.br\/portal\/index.php\/wp-json\/wp\/v2\/posts\/19038"}],"collection":[{"href":"https:\/\/dgospel.com.br\/portal\/index.php\/wp-json\/wp\/v2\/posts"}],"about":[{"href":"https:\/\/dgospel.com.br\/portal\/index.php\/wp-json\/wp\/v2\/types\/post"}],"author":[{"embeddable":true,"href":"https:\/\/dgospel.com.br\/portal\/index.php\/wp-json\/wp\/v2\/users\/2"}],"replies":[{"embeddable":true,"href":"https:\/\/dgospel.com.br\/portal\/index.php\/wp-json\/wp\/v2\/comments?post=19038"}],"version-history":[{"count":1,"href":"https:\/\/dgospel.com.br\/portal\/index.php\/wp-json\/wp\/v2\/posts\/19038\/revisions"}],"predecessor-version":[{"id":19040,"href":"https:\/\/dgospel.com.br\/portal\/index.php\/wp-json\/wp\/v2\/posts\/19038\/revisions\/19040"}],"wp:featuredmedia":[{"embeddable":true,"href":"https:\/\/dgospel.com.br\/portal\/index.php\/wp-json\/wp\/v2\/media\/19039"}],"wp:attachment":[{"href":"https:\/\/dgospel.com.br\/portal\/index.php\/wp-json\/wp\/v2\/media?parent=19038"}],"wp:term":[{"taxonomy":"category","embeddable":true,"href":"https:\/\/dgospel.com.br\/portal\/index.php\/wp-json\/wp\/v2\/categories?post=19038"},{"taxonomy":"post_tag","embeddable":true,"href":"https:\/\/dgospel.com.br\/portal\/index.php\/wp-json\/wp\/v2\/tags?post=19038"}],"curies":[{"name":"wp","href":"https:\/\/api.w.org\/{rel}","templated":true}]}}