{"id":19050,"date":"2024-04-18T18:44:08","date_gmt":"2024-04-18T21:44:08","guid":{"rendered":"https:\/\/dgospel.com.br\/portal\/?p=19050"},"modified":"2024-04-18T18:44:09","modified_gmt":"2024-04-18T21:44:09","slug":"stf-foi-investigador-promotor-e-juiz-diz-comite-dos-eua","status":"publish","type":"post","link":"https:\/\/dgospel.com.br\/portal\/index.php\/2024\/04\/18\/stf-foi-investigador-promotor-e-juiz-diz-comite-dos-eua\/","title":{"rendered":"STF foi investigador, promotor e juiz, diz comit\u00ea dos EUA"},"content":{"rendered":"\n<p>O Comit\u00ea de Assuntos Jur\u00eddicos da C\u00e2mara dos Estados Unidos divulgou um relat\u00f3rio, nesta quarta-feira (17), sinalizando a exist\u00eancia de cerceamento \u00e0 liberdade de express\u00e3o no Brasil, capitaneado pelo Supremo Tribunal Federal (STF). O \u00f3rg\u00e3o presidido por Jim Jordan denominou o documento como&nbsp;<em>O ataque \u00e0 liberdade de express\u00e3o no exterior e o sil\u00eancio da administra\u00e7\u00e3o Biden: o caso do Brasil<\/em>.<\/p>\n\n\n\n<p>De acordo com o relat\u00f3rio, h\u00e1 uma escalada de censura no Brasil, assim como ocorre em pa\u00edses como Fran\u00e7a e Canad\u00e1, o que deveria representar uma preocupa\u00e7\u00e3o para os Estados Unidos. De acordo com o levantamento, em 2019, a Suprema Corte brasileira concedeu a ela mesma poderes in\u00e9ditos a fim de permitir sua atua\u00e7\u00e3o como agente investigador, promotor e juiz, ao mesmo tempo. E destaca a pessoa do ministro Alexandre de Moraes, que em posse deste \u201cnovo e extraordin\u00e1rio poder\u201d, se valeu de suas atribui\u00e7\u00f5es para perseguir cr\u00edticos de direita e tamb\u00e9m da esquerda.<\/p>\n\n\n\n<p>A an\u00e1lise exp\u00f5e diversas medidas ilegais praticadas por Moraes, tornando evidente a persegui\u00e7\u00e3o empreendida pelo Judici\u00e1rio brasileiro ao ex-presidente Jair Bolsonaro (PL) e seus aliados.<\/p>\n\n\n\n<p>Quanto \u00e0 crise entre a rede social X e o referido magistrado, o comit\u00ea decidiu por invocar o Congresso dos Estados Unidos a tomar provid\u00eancias imediatas contra a censura empreendida pelo governo de Joe Biden, assim como pelo STF do Brasil.<\/p>\n","protected":false},"excerpt":{"rendered":"<p>O Comit\u00ea de Assuntos Jur\u00eddicos da C\u00e2mara dos Estados Unidos divulgou um relat\u00f3rio, nesta quarta-feira (17), sinalizando a exist\u00eancia de cerceamento \u00e0 liberdade de express\u00e3o no Brasil, capitaneado pelo Supremo Tribunal Federal (STF). O \u00f3rg\u00e3o presidido por Jim Jordan denominou o documento como&nbsp;O ataque \u00e0 liberdade de express\u00e3o no exterior e o sil\u00eancio da administra\u00e7\u00e3o [&hellip;]<\/p>\n","protected":false},"author":2,"featured_media":19051,"comment_status":"open","ping_status":"open","sticky":false,"template":"","format":"standard","meta":[],"categories":[10],"tags":[],"_links":{"self":[{"href":"https:\/\/dgospel.com.br\/portal\/index.php\/wp-json\/wp\/v2\/posts\/19050"}],"collection":[{"href":"https:\/\/dgospel.com.br\/portal\/index.php\/wp-json\/wp\/v2\/posts"}],"about":[{"href":"https:\/\/dgospel.com.br\/portal\/index.php\/wp-json\/wp\/v2\/types\/post"}],"author":[{"embeddable":true,"href":"https:\/\/dgospel.com.br\/portal\/index.php\/wp-json\/wp\/v2\/users\/2"}],"replies":[{"embeddable":true,"href":"https:\/\/dgospel.com.br\/portal\/index.php\/wp-json\/wp\/v2\/comments?post=19050"}],"version-history":[{"count":1,"href":"https:\/\/dgospel.com.br\/portal\/index.php\/wp-json\/wp\/v2\/posts\/19050\/revisions"}],"predecessor-version":[{"id":19052,"href":"https:\/\/dgospel.com.br\/portal\/index.php\/wp-json\/wp\/v2\/posts\/19050\/revisions\/19052"}],"wp:featuredmedia":[{"embeddable":true,"href":"https:\/\/dgospel.com.br\/portal\/index.php\/wp-json\/wp\/v2\/media\/19051"}],"wp:attachment":[{"href":"https:\/\/dgospel.com.br\/portal\/index.php\/wp-json\/wp\/v2\/media?parent=19050"}],"wp:term":[{"taxonomy":"category","embeddable":true,"href":"https:\/\/dgospel.com.br\/portal\/index.php\/wp-json\/wp\/v2\/categories?post=19050"},{"taxonomy":"post_tag","embeddable":true,"href":"https:\/\/dgospel.com.br\/portal\/index.php\/wp-json\/wp\/v2\/tags?post=19050"}],"curies":[{"name":"wp","href":"https:\/\/api.w.org\/{rel}","templated":true}]}}