{"id":19056,"date":"2024-04-18T20:19:27","date_gmt":"2024-04-18T23:19:27","guid":{"rendered":"https:\/\/dgospel.com.br\/portal\/?p=19056"},"modified":"2024-04-24T20:59:59","modified_gmt":"2024-04-24T23:59:59","slug":"governador-wanderlei-barbosa-reune-se-com-ministro-de-relacoes-institucionais-para-viabilizar-emprestimo-de-r-us-200-milhoes","status":"publish","type":"post","link":"https:\/\/dgospel.com.br\/portal\/index.php\/2024\/04\/18\/governador-wanderlei-barbosa-reune-se-com-ministro-de-relacoes-institucionais-para-viabilizar-emprestimo-de-r-us-200-milhoes\/","title":{"rendered":"Governador Wanderlei Barbosa re\u00fane-se com ministro de Rela\u00e7\u00f5es Institucionais para viabilizar empr\u00e9stimo de R$ US$ 200 milh\u00f5es"},"content":{"rendered":"\n<p>O governador Wanderlei Barbosa foi recebido nesta quarta-feira, 17, em Bras\u00edlia\/DF, pelo ministro da Secretaria de Rela\u00e7\u00f5es Institucionais da Presid\u00eancia da Rep\u00fablica (SRI), Alexandre Padilha, para viabilizar opera\u00e7\u00e3o de cr\u00e9dito com o Banco Internacional para a Reconstru\u00e7\u00e3o e Desenvolvimento (Bird), no valor de at\u00e9 US$ 200 milh\u00f5es. Os recursos ser\u00e3o destinados \u00e0 realiza\u00e7\u00e3o do Programa Agrolog\u00edstico de Apoio ao Desenvolvimento Sustent\u00e1vel da Agricultura Familiar, Turismo Inclusivo e Adapta\u00e7\u00e3o \u00e0s Mudan\u00e7as do Clima no Estado do Tocantins (programa&nbsp;<em>Tocantins Produtivo<\/em>), que \u00e9 voltado para o desenvolvimento socioecon\u00f4mico e da sustentabilidade ambiental do Estado.<\/p>\n\n\n\n<p>O&nbsp;<em>Tocantins Produtivo<\/em>&nbsp;\u00e9&nbsp;gerido pela Secretaria de Estado do Planejamento e Or\u00e7amento (Seplan), com a participa\u00e7\u00e3o de outras secretarias do Estado, possibilitando a\u00e7\u00f5es descentralizadas com benef\u00edcios que alcan\u00e7am os 139 munic\u00edpios.&nbsp;As a\u00e7\u00f5es est\u00e3o alinhadas \u00e0 Agenda 2030 para o Desenvolvimento Sustent\u00e1vel da Organiza\u00e7\u00e3o das Na\u00e7\u00f5es Unidas (ONU), especialmente, com os objetivos de erradica\u00e7\u00e3o da pobreza; fome zero e agricultura sustent\u00e1vel; trabalho decente e crescimento econ\u00f4mico; inova\u00e7\u00e3o e infraestrutura; redu\u00e7\u00e3o das desigualdades; a\u00e7\u00e3o contra a mudan\u00e7a global do clima; e do consumo e produ\u00e7\u00e3o respons\u00e1veis.<\/p>\n\n\n\n<p>O governador Wanderlei Barbosa afirmou que o Governo do Tocantins est\u00e1 confiante no apoio do Governo Federal para viabilizar o empr\u00e9stimo, principalmente, porque o&nbsp;<em>Tocantins Produtivo<\/em>&nbsp;tem um alcance de resultados interestadual. &#8220;O nosso projeto est\u00e1 totalmente em conson\u00e2ncia com pol\u00edticas p\u00fablicas priorit\u00e1rias do Governo Federal para todo o pa\u00eds, principalmente no que diz respeito \u00e0 agricultura familiar, que \u00e9 a nossa prioridade no Tocantins Produtivo. H\u00e1 um conjunto de a\u00e7\u00f5es integradas para garantir recursos, assist\u00eancia t\u00e9cnica, cooperativas e tudo que as fam\u00edlias do campo precisam para vender seus produtos com melhores pre\u00e7os, em novos mercados e viver dignamente do que produzem&#8221;, afirmou.<\/p>\n\n\n\n<p>O titular da Seplan, Sergilsei Moura, esclareceu que o processo para a realiza\u00e7\u00e3o da opera\u00e7\u00e3o de cr\u00e9dito com o Bird est\u00e1 60% conclu\u00eddo e pronto para obter o apoio do Governo Federal nas pr\u00f3ximas etapas. &#8220;Para realizar uma opera\u00e7\u00e3o de cr\u00e9dito internacional, o cumprimento de todas as etapas precisa de aproximadamente dois anos para serem conclu\u00eddas. Para o&nbsp;<em>Tocantins Produtivo<\/em>, estamos trabalhando h\u00e1 aproximadamente um ano e meio; nossa proposta j\u00e1 est\u00e1 muito madura e com o apoio do ministro Alexandre Padilha estamos confiantes na agiliza\u00e7\u00e3o das etapas com a Comiss\u00e3o de Financiamentos Externos e a Procuradoria-Geral da Fazenda Nacional&#8221;, afirmou.&nbsp;&nbsp;<\/p>\n\n\n\n<p>Nesta audi\u00eancia, acompanharam o Governador a senadora professora Dorinha; o deputado federal Ricardo Ayres; o secret\u00e1rio-chefe da Casa Civil, Deocleciano Gomes; os secret\u00e1rios de Estado da Educa\u00e7\u00e3o, F\u00e1bio Pereira Vaz, da Fazenda, J\u00falio Edstron, do Planejamento e Or\u00e7amento, Sergislei Moura, da Representa\u00e7\u00e3o em Bras\u00edlia, Carlos Manzini J\u00fanior; e o presidente da Parcerias e Investimentos, Thomas Jefferson Gon\u00e7alves.&nbsp;<\/p>\n\n\n\n<p><strong>Sobre o Tocantins Produtivo<\/strong><\/p>\n\n\n\n<p>O&nbsp;<em>Tocantins Produtivo<\/em>&nbsp;estabeleceu a\u00e7\u00f5es concentradas em tr\u00eas componentes: Programa de Recupera\u00e7\u00e3o, Manuten\u00e7\u00e3o Proativas, Segura e Resiliente, e Pavimenta\u00e7\u00e3o da Malha Rodovi\u00e1ria Estadual; Desenvolvimento Rural Sustent\u00e1vel &#8211; Agricultura Familiar; e Desenvolvimento Regional Sustent\u00e1vel &#8211; Turismo.&nbsp;<\/p>\n\n\n\n<p>No componente relacionado \u00e0 infraestrutura, o principal objetivo \u00e9 ampliar a conectividade entre todas as regi\u00f5es do Estado, medida essencial para a expans\u00e3o das atividades econ\u00f4micas. Entre as a\u00e7\u00f5es est\u00e3o previstas a duplica\u00e7\u00e3o dos acessos rodovi\u00e1rios entre Palmas, o distrito de Luzimangues, em Porto Nacional; e os munic\u00edpios de Para\u00edso e Lajeado. Obras importantes para a interliga\u00e7\u00e3o dos modais de transporte do Tocantins com outros estados, como a Transcolinas, tamb\u00e9m fazem parte do Programa.&nbsp;<\/p>\n\n\n\n<p>No componente Desenvolvimento Regional &#8211; Agricultura, est\u00e3o previstas a\u00e7\u00f5es para a amplia\u00e7\u00e3o dos servi\u00e7os de assist\u00eancia t\u00e9cnica rural, de facilita\u00e7\u00e3o para a aquisi\u00e7\u00e3o de insumos produtivos, incentivo \u00e0 forma\u00e7\u00e3o de cooperativas, dentre outros para viabilizar o acesso a novos mercados. Para o componente Desenvolvimento Regional &#8211; Turismo, as a\u00e7\u00f5es s\u00e3o voltadas para o fortalecimento do turismo rural e de base comunit\u00e1ria, principalmente nas regi\u00f5es do Jalap\u00e3o e Serras Gerais, sendo esta, uma \u00e1rea de interesse priorit\u00e1rio do Bird.<\/p>\n\n\n\n<p><img src=\"https:\/\/central.to.gov.br\/image\/373288?w=670&amp;h=383\"><\/p>\n\n\n\n<p>Governador Wanderlei Barbosa e secretariado durante reuni\u00e3o da SRI &#8211; Vin\u00edcius Santa Rosa\/Governo do Tocantins&nbsp;<a href=\"https:\/\/central.to.gov.br\/image\/373288?f=1\" target=\"_blank\" rel=\"noreferrer noopener\"><em>file_download<\/em><\/a><\/p>\n\n\n\n<p><img src=\"https:\/\/central.to.gov.br\/image\/373286?w=670&amp;h=383\"><\/p>\n\n\n\n<p>O deputado federal Ricardo Ayres, a senadora Professora Dorinha, o secret\u00e1rio-chefe da Casa Civil, Deocleciano Gomes, o ministro Alexandre Padilha e o governador Wanderlei Barbosa &#8211; Vin\u00edcius Santa Rosa\/Governo do Tocantins&nbsp;<a href=\"https:\/\/central.to.gov.br\/image\/373286?f=1\" target=\"_blank\" rel=\"noreferrer noopener\"><em>file_download<\/em><\/a><\/p>\n\n\n\n<p><img src=\"https:\/\/central.to.gov.br\/image\/373285?w=670&amp;h=383\"><\/p>\n\n\n\n<p>Governo do Tocantins re\u00fane-se com o ministro Alexandre Padilha para viabilizar empr\u00e9stimo de R$ US$ 200 milh\u00f5es com o Bird &#8211; Vin\u00edcius Santa Rosa\/Governo do Tocantins&nbsp;<a href=\"https:\/\/central.to.gov.br\/image\/373285?f=1\" target=\"_blank\" rel=\"noreferrer noopener\"><em>file_download<\/em><\/a><\/p>\n\n\n\n<p><img src=\"https:\/\/central.to.gov.br\/image\/373287?w=670&amp;h=383\"><\/p>\n\n\n\n<p>O secret\u00e1rio da Sefaz, J\u00falio Edstron, o governador Wanderlei Barbosa, e o secret\u00e1rio da Seplan, Sergislei Moura &#8211; Vin\u00edcius Santa Rosa\/Governo do Tocantins&nbsp;<a href=\"https:\/\/central.to.gov.br\/image\/373287?f=1\" target=\"_blank\" rel=\"noreferrer noopener\"><em>file_download<\/em><\/a><\/p>\n","protected":false},"excerpt":{"rendered":"<p>O governador Wanderlei Barbosa foi recebido nesta quarta-feira, 17, em Bras\u00edlia\/DF, pelo ministro da Secretaria de Rela\u00e7\u00f5es Institucionais da Presid\u00eancia da Rep\u00fablica (SRI), Alexandre Padilha, para viabilizar opera\u00e7\u00e3o de cr\u00e9dito com o Banco Internacional para a Reconstru\u00e7\u00e3o e Desenvolvimento (Bird), no valor de at\u00e9 US$ 200 milh\u00f5es. Os recursos ser\u00e3o destinados \u00e0 realiza\u00e7\u00e3o do Programa [&hellip;]<\/p>\n","protected":false},"author":2,"featured_media":19057,"comment_status":"open","ping_status":"open","sticky":false,"template":"","format":"standard","meta":[],"categories":[3],"tags":[],"_links":{"self":[{"href":"https:\/\/dgospel.com.br\/portal\/index.php\/wp-json\/wp\/v2\/posts\/19056"}],"collection":[{"href":"https:\/\/dgospel.com.br\/portal\/index.php\/wp-json\/wp\/v2\/posts"}],"about":[{"href":"https:\/\/dgospel.com.br\/portal\/index.php\/wp-json\/wp\/v2\/types\/post"}],"author":[{"embeddable":true,"href":"https:\/\/dgospel.com.br\/portal\/index.php\/wp-json\/wp\/v2\/users\/2"}],"replies":[{"embeddable":true,"href":"https:\/\/dgospel.com.br\/portal\/index.php\/wp-json\/wp\/v2\/comments?post=19056"}],"version-history":[{"count":1,"href":"https:\/\/dgospel.com.br\/portal\/index.php\/wp-json\/wp\/v2\/posts\/19056\/revisions"}],"predecessor-version":[{"id":19058,"href":"https:\/\/dgospel.com.br\/portal\/index.php\/wp-json\/wp\/v2\/posts\/19056\/revisions\/19058"}],"wp:featuredmedia":[{"embeddable":true,"href":"https:\/\/dgospel.com.br\/portal\/index.php\/wp-json\/wp\/v2\/media\/19057"}],"wp:attachment":[{"href":"https:\/\/dgospel.com.br\/portal\/index.php\/wp-json\/wp\/v2\/media?parent=19056"}],"wp:term":[{"taxonomy":"category","embeddable":true,"href":"https:\/\/dgospel.com.br\/portal\/index.php\/wp-json\/wp\/v2\/categories?post=19056"},{"taxonomy":"post_tag","embeddable":true,"href":"https:\/\/dgospel.com.br\/portal\/index.php\/wp-json\/wp\/v2\/tags?post=19056"}],"curies":[{"name":"wp","href":"https:\/\/api.w.org\/{rel}","templated":true}]}}