{"id":19059,"date":"2024-04-18T20:22:25","date_gmt":"2024-04-18T23:22:25","guid":{"rendered":"https:\/\/dgospel.com.br\/portal\/?p=19059"},"modified":"2024-04-24T20:59:14","modified_gmt":"2024-04-24T23:59:14","slug":"acoes-efetivas-do-governo-do-tocantins-aumentam-realizacao-de-cirurgias-e-atendimentos-no-hospital-regional-de-araguaina","status":"publish","type":"post","link":"https:\/\/dgospel.com.br\/portal\/index.php\/2024\/04\/18\/acoes-efetivas-do-governo-do-tocantins-aumentam-realizacao-de-cirurgias-e-atendimentos-no-hospital-regional-de-araguaina\/","title":{"rendered":"A\u00e7\u00f5es efetivas do Governo do Tocantins aumentam realiza\u00e7\u00e3o de cirurgias e atendimentos no Hospital Regional de Aragua\u00edna"},"content":{"rendered":"\n<p>O Governo do Tocantins tem trabalhado de forma efetiva na organiza\u00e7\u00e3o dos fluxos e servi\u00e7os do Hospital Regional de Aragua\u00edna (HRA). Nos \u00faltimos seis meses, a Secretaria de Estado da Sa\u00fade (SES-TO) contratou 108 novos profissionais de sa\u00fade para atuarem na unidade, que realizou, conforme dados do Escrit\u00f3rio de Qualidade da unidade, 20.889 atendimentos, entre urg\u00eancia e emerg\u00eancia, geral, interna\u00e7\u00e3o e cirurgias, nos tr\u00eas primeiros meses de 2024. O n\u00famero \u00e9 18% a mais que o mesmo per\u00edodo do ano passado, quando foram feitos 17.681.<\/p>\n\n\n\n<p>Dentre os novos profissionais contratados, 10 s\u00e3o m\u00e9dicos especialistas, que contribuem com a assist\u00eancia qualificada \u00e0 popula\u00e7\u00e3o, que tem notado a diferen\u00e7a. \u201cMeu filho sofreu um grave acidente e ficou em coma, agora j\u00e1 est\u00e1 melhor e logo poder\u00e1 realizar a cirurgia. Neste tempo todo que estou aqui, vejo o amor dos funcion\u00e1rios e o cuidado com meu filho. Sou muito grata, n\u00e3o posso fazer muito, mas sempre que posso compro bombom para as enfermeiras, como forma de retribuir este amor\u201d, afirma a moradora de Colinas do Tocantins, Joana Darc da Silva.<\/p>\n\n\n\n<p>Nos atendimentos dos tr\u00eas primeiros meses de 2024, o HRA realizou 1.660 cirurgias, sendo 381 eletivas e 1.279 de urg\u00eancia e emerg\u00eancia. N\u00famero que cresceu 28% em rela\u00e7\u00e3o ao mesmo per\u00edodo de 2023, quando foram realizados 1.289 procedimentos, &nbsp;sendo 234 eletivos e 1.055 de urg\u00eancia e emerg\u00eancia. \u201cEsses n\u00fameros s\u00e3o frutos de um esfor\u00e7o de toda a equipe que trabalha diuturnamente para levar o melhor atendimento aos usu\u00e1rios do SUS. Este ano, tivemos o retorno dos servi\u00e7os de endoscopia, atendimentos de otorrinolaringologia no Ambulat\u00f3rio e, agora, estamos ampliando uma sala infantil, para colocar mais algum dos aparelhos que recebemos\u201d, frisa a diretora-geral do HRA, Cristiane Uchoa.<\/p>\n\n\n\n<p>A enfermeira Vanessa Farias trabalha h\u00e1 quatro anos no N\u00facleo Interno de Regula\u00e7\u00e3o NIR\/HRA e destacou que fica muito orgulhosa em poder atuar em uma unidade que est\u00e1 sempre buscando levar o melhor servi\u00e7o ao usu\u00e1rio. &#8220;Eu que trabalho no local que regula os pacientes, sinto uma satisfa\u00e7\u00e3o muito grande em servir, agilizando as interna\u00e7\u00f5es de pessoas que v\u00eam dos munic\u00edpios, por exemplo\u201d, frisa.<br><br>Para a assistente social \u00c2ngela Maria Pereira de Oliveira, contribuir com a popula\u00e7\u00e3o na \u00e1rea da assist\u00eancia \u00e9 gratificante. \u201cO meu contato com os pacientes \u00e9 constante e me sinto grata em poder levar uma palavra amiga, motivando e estimulando as pessoas no valor da sa\u00fade e da vida\u201d, afirma.<br>&nbsp;<br><strong>Estrutura<\/strong><br><br>Em fevereiro de 2024, o HRA ganhou mais 18 novos leitos, para agilizar a realiza\u00e7\u00e3o de cirurgias eletivas e est\u00e1 em processo de conclus\u00e3o do Hospital Dia, que consiste no espa\u00e7o para atendimentos de casos leves; a ala do Servi\u00e7o de Aten\u00e7\u00e3o Especializada as Pessoas em Situa\u00e7\u00e3o de Viol\u00eancia Sexual (Savis) e o espa\u00e7o humanizado para as crian\u00e7as que s\u00e3o atendidas na unidade (ambos em fase de aquisi\u00e7\u00e3o de mobili\u00e1rio). Al\u00e9m disso, a Unidade de Cuidados Intensivos (UCI), que tem 10 leitos, est\u00e1 sendo ampliada e ganhar\u00e1 mais tr\u00eas leitos.<br><br>\u201cTemos feito um cont\u00ednuo alinhamento de trabalho com as equipes do Hospital Regional de Aragua\u00edna, dando o suporte com as \u00e1reas t\u00e9cnicas e administrativas da Secretaria, por entender que a assist\u00eancia \u00e1gil e de qualidade passa por este fluxo. Com isso, al\u00e9m de v\u00e1rias a\u00e7\u00f5es pontuais, conseguimos organizar o fornecimento de pr\u00f3teses ortop\u00e9dicas e, aos poucos, vamos proporcionando \u00e0 popula\u00e7\u00e3o da regi\u00e3o norte do Estado a sa\u00fade p\u00fablica que ela precisa, da forma como nos \u00e9 determinado pelo governador Wanderlei Barbosa\u201d, afirma o secret\u00e1rio de Estado da Sa\u00fade, Carlos Felinto.<br>&nbsp;<br><strong>Equipamentos<\/strong><\/p>\n\n\n\n<p>Nos \u00faltimos seis meses, a SES-TO entregou, ao HRA, um novo aparelho de broncoscopia; um aparelho de ultrassom de \u00faltima gera\u00e7\u00e3o para atendimentos na sala de ecocardiograma; 110 bombas de infus\u00e3o para medica\u00e7\u00e3o; 38 camas hospitalares para as alas de interna\u00e7\u00f5es e tr\u00eas camas para a Unidade de Assist\u00eancia em Alta Complexidade em Oncologia (Unacon), que tamb\u00e9m recebeu uma mesa ginecol\u00f3gica e bra\u00e7adeira para infus\u00e3o. Tamb\u00e9m foram entregues 10 aparelhos de ar-condicionado para as alas de interna\u00e7\u00e3o e 10 para a Casa de Apoio Gl\u00f3ria Morais.<\/p>\n\n\n\n<p><img src=\"https:\/\/central.to.gov.br\/image\/373397?w=670&amp;h=383\"><\/p>\n\n\n\n<p>Espa\u00e7o infantil est\u00e1 sendo finalizado pelo Governo do Tocantins &#8211; Gl\u00e1ucia Mendes\/Governo do Tocantins&nbsp;<a href=\"https:\/\/central.to.gov.br\/image\/373397?f=1\" target=\"_blank\" rel=\"noreferrer noopener\"><em>file_download<\/em><\/a><\/p>\n\n\n\n<p><img src=\"https:\/\/central.to.gov.br\/image\/373396?w=670&amp;h=383\"><\/p>\n\n\n\n<p>Unidade de Cuidados Intensivos est\u00e1 sendo ampliada e contar\u00e1 com mais tr\u00eas leitos &#8211; Gl\u00e1ucia Mendes\/Governo do Tocantins&nbsp;<a href=\"https:\/\/central.to.gov.br\/image\/373396?f=1\" target=\"_blank\" rel=\"noreferrer noopener\"><em>file_download<\/em><\/a><\/p>\n\n\n\n<p><img src=\"https:\/\/central.to.gov.br\/image\/373395?w=670&amp;h=383\"><\/p>\n\n\n\n<p>Enfermeira Vanessa Farias trabalha h\u00e1 quatro anos no N\u00facleo Interno de Regula\u00e7\u00e3o NIR\/HRA e destaca orgulho em atuar na unidade &#8211; Gl\u00e1ucia Mendes\/Governo do Tocantins&nbsp;<a href=\"https:\/\/central.to.gov.br\/image\/373395?f=1\" target=\"_blank\" rel=\"noreferrer noopener\"><em>file_download<\/em><\/a><\/p>\n\n\n\n<p><img src=\"https:\/\/central.to.gov.br\/image\/373394?w=670&amp;h=383\"><\/p>\n\n\n\n<p>Assistente social \u00c2ngela Maria Pereira de Oliveira destaca que contribuir com a popula\u00e7\u00e3o, na \u00e1rea da assist\u00eancia, \u00e9 gratificante &#8211; Gl\u00e1ucia Mendes\/Governo do Tocantins&nbsp;<a href=\"https:\/\/central.to.gov.br\/image\/373394?f=1\" target=\"_blank\" rel=\"noreferrer noopener\"><em>file_download<\/em><\/a><\/p>\n\n\n\n<p><img src=\"https:\/\/central.to.gov.br\/image\/373393?w=670&amp;h=383\"><\/p>\n\n\n\n<p>Moradora de Colinas agradece o carinho da equipe do HRA &#8211; Ananda Santos\/Governo do Tocantins&nbsp;<a href=\"https:\/\/central.to.gov.br\/image\/373393?f=1\" target=\"_blank\" rel=\"noreferrer noopener\"><em>file_download<\/em><\/a><\/p>\n","protected":false},"excerpt":{"rendered":"<p>O Governo do Tocantins tem trabalhado de forma efetiva na organiza\u00e7\u00e3o dos fluxos e servi\u00e7os do Hospital Regional de Aragua\u00edna (HRA). Nos \u00faltimos seis meses, a Secretaria de Estado da Sa\u00fade (SES-TO) contratou 108 novos profissionais de sa\u00fade para atuarem na unidade, que realizou, conforme dados do Escrit\u00f3rio de Qualidade da unidade, 20.889 atendimentos, entre [&hellip;]<\/p>\n","protected":false},"author":2,"featured_media":19060,"comment_status":"open","ping_status":"open","sticky":false,"template":"","format":"standard","meta":[],"categories":[3],"tags":[],"_links":{"self":[{"href":"https:\/\/dgospel.com.br\/portal\/index.php\/wp-json\/wp\/v2\/posts\/19059"}],"collection":[{"href":"https:\/\/dgospel.com.br\/portal\/index.php\/wp-json\/wp\/v2\/posts"}],"about":[{"href":"https:\/\/dgospel.com.br\/portal\/index.php\/wp-json\/wp\/v2\/types\/post"}],"author":[{"embeddable":true,"href":"https:\/\/dgospel.com.br\/portal\/index.php\/wp-json\/wp\/v2\/users\/2"}],"replies":[{"embeddable":true,"href":"https:\/\/dgospel.com.br\/portal\/index.php\/wp-json\/wp\/v2\/comments?post=19059"}],"version-history":[{"count":1,"href":"https:\/\/dgospel.com.br\/portal\/index.php\/wp-json\/wp\/v2\/posts\/19059\/revisions"}],"predecessor-version":[{"id":19061,"href":"https:\/\/dgospel.com.br\/portal\/index.php\/wp-json\/wp\/v2\/posts\/19059\/revisions\/19061"}],"wp:featuredmedia":[{"embeddable":true,"href":"https:\/\/dgospel.com.br\/portal\/index.php\/wp-json\/wp\/v2\/media\/19060"}],"wp:attachment":[{"href":"https:\/\/dgospel.com.br\/portal\/index.php\/wp-json\/wp\/v2\/media?parent=19059"}],"wp:term":[{"taxonomy":"category","embeddable":true,"href":"https:\/\/dgospel.com.br\/portal\/index.php\/wp-json\/wp\/v2\/categories?post=19059"},{"taxonomy":"post_tag","embeddable":true,"href":"https:\/\/dgospel.com.br\/portal\/index.php\/wp-json\/wp\/v2\/tags?post=19059"}],"curies":[{"name":"wp","href":"https:\/\/api.w.org\/{rel}","templated":true}]}}