{"id":19065,"date":"2024-04-18T21:07:50","date_gmt":"2024-04-19T00:07:50","guid":{"rendered":"https:\/\/dgospel.com.br\/portal\/?p=19065"},"modified":"2024-04-18T21:09:17","modified_gmt":"2024-04-19T00:09:17","slug":"musk-ironiza-se-defender-a-liberdade-de-expressao-e-ser-de-extrema-direita-entao-eu-acho-que-sou","status":"publish","type":"post","link":"https:\/\/dgospel.com.br\/portal\/index.php\/2024\/04\/18\/musk-ironiza-se-defender-a-liberdade-de-expressao-e-ser-de-extrema-direita-entao-eu-acho-que-sou\/","title":{"rendered":"Musk ironiza: \u201cSe defender a liberdade de express\u00e3o \u00e9 ser de \u2018extrema direita\u2019, ent\u00e3o eu acho que sou\u201d"},"content":{"rendered":"\n<p>Elon Musk, bilion\u00e1rio e propriet\u00e1rio da plataforma social X\/Twitter, recentemente se envolveu em um debate acalorado sobre liberdade de express\u00e3o, tanto nos Estados Unidos quanto no Brasil, por acusa\u00e7\u00f5es contra o ministro do Supremo Tribunal Federal (STF) e presidente do Tribunal Superior Eleitoral (TSE) do Brasil, Alexandre de Moraes. Em um coment\u00e1rio que Musk fez em suas redes sociais, ele ironizou a classifica\u00e7\u00e3o de valores liberais tradicionais como \u201cextrema direita\u201d, dizendo: \u201cSe maximizar a liberdade de express\u00e3o dentro dos limites da lei \u00e9 considerado \u2018extrema direita\u2019, ent\u00e3o eu acho que sou&#8221;<\/p>\n\n\n\n<p>O contexto dessa declara\u00e7\u00e3o se expande ao envolvimento de Musk em uma pol\u00eamica internacional. Recentemente, um relat\u00f3rio do Comit\u00ea Judici\u00e1rio do Partido Republicano dos EUA trouxe acusa\u00e7\u00f5es s\u00e9rias contra Alexandre de Moraes. Publicado na noite desta quarta-feira (17), o documento acusa Moraes de impor censura a vozes conservadoras no Brasil utilizando a X\/Twitter. Segundo o relat\u00f3rio, ordens foram emitidas pelo STF e pelo TSE para que a plataforma suspendesse ou removesse cerca de 150 contas, abrangendo cr\u00edticos do governo, incluindo pol\u00edticos, jornalistas e at\u00e9 figuras do entretenimento e religi\u00e3o.<\/p>\n\n\n\n<p>O relat\u00f3rio destaca que essas a\u00e7\u00f5es de censura foram especialmente intensas contra opositores do atual governo brasileiro, citando como exemplo o ex-presidente Jair Bolsonaro, que ap\u00f3s as elei\u00e7\u00f5es de 2022 foi penalizado por \u201cpraticar propaganda irregular\u201d na plataforma de Musk, com mensagens consideradas \u201cfalsas ou fora de contexto\u201d.<\/p>\n\n\n\n<p>Al\u00e9m de expor a situa\u00e7\u00e3o no Brasil, o relat\u00f3rio critica o Departamento de Estado dos EUA por seu sil\u00eancio frente aos esfor\u00e7os de censura empreendidos pelo Brasil e outros pa\u00edses, e ressalta que, enquanto no Brasil a censura ocorre por ordens judiciais, nos EUA aconteceriam em reuni\u00f5es fechadas com amea\u00e7as regulat\u00f3rias.<\/p>\n\n\n\n<p>O subcomit\u00ea americano concluiu que o Congresso deve agir para proteger a liberdade de express\u00e3o, \u201cagora mais do que nunca\u201d. Este caso refor\u00e7a a posi\u00e7\u00e3o controversa de Musk como uma figura central no debate global sobre liberdade de express\u00e3o, regulamenta\u00e7\u00e3o das redes sociais e a intersec\u00e7\u00e3o entre tecnologia e pol\u00edtica. A saga entre Musk, o governo brasileiro e o judici\u00e1rio, sem d\u00favida, adiciona uma nova dimens\u00e3o ao discurso sobre at\u00e9 que ponto a liberdade de express\u00e3o pode ser defendida em um ambiente politicamente carregado.<\/p>\n\n\n\n<p><\/p>\n\n\n\n<figure class=\"wp-block-image size-full\"><img loading=\"lazy\" width=\"609\" height=\"274\" src=\"https:\/\/dgospel.com.br\/portal\/wp-content\/uploads\/2024\/04\/00-16.jpg\" alt=\"\" class=\"wp-image-19066\" srcset=\"https:\/\/dgospel.com.br\/portal\/wp-content\/uploads\/2024\/04\/00-16.jpg 609w, https:\/\/dgospel.com.br\/portal\/wp-content\/uploads\/2024\/04\/00-16-300x135.jpg 300w\" sizes=\"(max-width: 609px) 100vw, 609px\" \/><\/figure>\n","protected":false},"excerpt":{"rendered":"<p>Elon Musk, bilion\u00e1rio e propriet\u00e1rio da plataforma social X\/Twitter, recentemente se envolveu em um debate acalorado sobre liberdade de express\u00e3o, tanto nos Estados Unidos quanto no Brasil, por acusa\u00e7\u00f5es contra o ministro do Supremo Tribunal Federal (STF) e presidente do Tribunal Superior Eleitoral (TSE) do Brasil, Alexandre de Moraes. Em um coment\u00e1rio que Musk fez [&hellip;]<\/p>\n","protected":false},"author":2,"featured_media":19067,"comment_status":"open","ping_status":"open","sticky":false,"template":"","format":"standard","meta":[],"categories":[16],"tags":[],"_links":{"self":[{"href":"https:\/\/dgospel.com.br\/portal\/index.php\/wp-json\/wp\/v2\/posts\/19065"}],"collection":[{"href":"https:\/\/dgospel.com.br\/portal\/index.php\/wp-json\/wp\/v2\/posts"}],"about":[{"href":"https:\/\/dgospel.com.br\/portal\/index.php\/wp-json\/wp\/v2\/types\/post"}],"author":[{"embeddable":true,"href":"https:\/\/dgospel.com.br\/portal\/index.php\/wp-json\/wp\/v2\/users\/2"}],"replies":[{"embeddable":true,"href":"https:\/\/dgospel.com.br\/portal\/index.php\/wp-json\/wp\/v2\/comments?post=19065"}],"version-history":[{"count":2,"href":"https:\/\/dgospel.com.br\/portal\/index.php\/wp-json\/wp\/v2\/posts\/19065\/revisions"}],"predecessor-version":[{"id":19069,"href":"https:\/\/dgospel.com.br\/portal\/index.php\/wp-json\/wp\/v2\/posts\/19065\/revisions\/19069"}],"wp:featuredmedia":[{"embeddable":true,"href":"https:\/\/dgospel.com.br\/portal\/index.php\/wp-json\/wp\/v2\/media\/19067"}],"wp:attachment":[{"href":"https:\/\/dgospel.com.br\/portal\/index.php\/wp-json\/wp\/v2\/media?parent=19065"}],"wp:term":[{"taxonomy":"category","embeddable":true,"href":"https:\/\/dgospel.com.br\/portal\/index.php\/wp-json\/wp\/v2\/categories?post=19065"},{"taxonomy":"post_tag","embeddable":true,"href":"https:\/\/dgospel.com.br\/portal\/index.php\/wp-json\/wp\/v2\/tags?post=19065"}],"curies":[{"name":"wp","href":"https:\/\/api.w.org\/{rel}","templated":true}]}}