{"id":19070,"date":"2024-04-18T21:38:20","date_gmt":"2024-04-19T00:38:20","guid":{"rendered":"https:\/\/dgospel.com.br\/portal\/?p=19070"},"modified":"2024-04-18T21:38:21","modified_gmt":"2024-04-19T00:38:21","slug":"moraes-interferiu-nas-eleicoes-no-brasil-denuncia-elon-musk","status":"publish","type":"post","link":"https:\/\/dgospel.com.br\/portal\/index.php\/2024\/04\/18\/moraes-interferiu-nas-eleicoes-no-brasil-denuncia-elon-musk\/","title":{"rendered":"\u201cMoraes interferiu nas elei\u00e7\u00f5es no Brasil\u201d, denuncia Elon Musk"},"content":{"rendered":"\n<p>O empres\u00e1rio Elon Musk fez mais uma publica\u00e7\u00e3o direcionada ao ministro do Supremo Tribunal Federal (STF) e presidente do Tribunal Superior Eleitoral (TSE) Alexandre de Moraes. Desta vez, na noite desta quinta-feira (18), uma den\u00fancia grav\u00edssima que coloca em xeque o resultado das elei\u00e7\u00f5es 2022, e que pode comprometer o processo eleitoral brasileiro e o pr\u00f3prio TSE.<\/p>\n\n\n\n<p>O dono da rede social X publicou em seu perfil que Alexandre de Moraes \u201cinterferiu absolutamente nas elei\u00e7\u00f5es do Brasil\u201d.<\/p>\n\n\n\n<p>A declara\u00e7\u00e3o foi feita em resposta ao v\u00eddeo do jornalista americano Michael Shellenberger, que \u00e9 um dos respons\u00e1veis por divulgar o que chamado Twitter Files Brasil. Junto aos jornalistas brasileiros Eli Vieira e David \u00c1gape, Shellenberger revelou ao mundo as supostas determina\u00e7\u00f5es de censura praticadas por Moraes \u00e0 rede social X a fim de que a plataforma exclu\u00edsse determinadas contas e perfis.<\/p>\n\n\n\n<figure class=\"wp-block-image\"><img src=\"https:\/\/static.cdn.pleno.news\/2024\/04\/Elon-Musk-rede-social-X.png\" alt=\"\" class=\"wp-image-1310202\"\/><\/figure>\n\n\n\n<p><strong>ELON MUSK \u00c9 CONVOCADO PARA AUDI\u00caNCIA NO CONGRESSO DOS EUA<br><\/strong>A Comiss\u00e3o de Rela\u00e7\u00f5es Exteriores da C\u00e2mara dos Estados Unidos convocou o empres\u00e1rio Elon Musk para uma audi\u00eancia que deve acontecer at\u00e9 o dia 8 de maio no Congresso Americano. As informa\u00e7\u00f5es s\u00e3o do colunista Paulo Cappelli.<\/p>\n\n\n\n<p>O objetivo da convoca\u00e7\u00e3o \u00e9 discutir as a\u00e7\u00f5es do ministro Alexandre de Moraes, que foram enviadas para a plataforma com pedidos de exclus\u00e3o de conte\u00fados ou de contas.<\/p>\n\n\n\n<p>Nesta quarta-feira (16), a C\u00e2mara dos Estados Unidos divulgou um documento de 541 p\u00e1ginas acusando Moraes de censurar opositores pol\u00edticos.<\/p>\n\n\n\n<p>O documento, intitulado&nbsp;<em>O ataque \u00e0 liberdade de express\u00e3o no exterior e o sil\u00eancio do governo Biden: o caso do Brasil<\/em>, tem 541 p\u00e1ginas e destaca 90 decis\u00f5es de remo\u00e7\u00f5es de conta e conte\u00fado, ordenadas por Moraes.<\/p>\n\n\n\n<p>\u2013 O governo brasileiro busca for\u00e7ar empresas de m\u00eddia social a censurar mais de 300 contas, incluindo a do ex-presidente Jair Bolsonaro, do senador Marcos do Val e do jornalista Paulo Figueiredo Filho \u2013 diz nota divulgada pela C\u00e2mara.<\/p>\n","protected":false},"excerpt":{"rendered":"<p>O empres\u00e1rio Elon Musk fez mais uma publica\u00e7\u00e3o direcionada ao ministro do Supremo Tribunal Federal (STF) e presidente do Tribunal Superior Eleitoral (TSE) Alexandre de Moraes. Desta vez, na noite desta quinta-feira (18), uma den\u00fancia grav\u00edssima que coloca em xeque o resultado das elei\u00e7\u00f5es 2022, e que pode comprometer o processo eleitoral brasileiro e o [&hellip;]<\/p>\n","protected":false},"author":2,"featured_media":19071,"comment_status":"open","ping_status":"open","sticky":false,"template":"","format":"standard","meta":[],"categories":[10],"tags":[],"_links":{"self":[{"href":"https:\/\/dgospel.com.br\/portal\/index.php\/wp-json\/wp\/v2\/posts\/19070"}],"collection":[{"href":"https:\/\/dgospel.com.br\/portal\/index.php\/wp-json\/wp\/v2\/posts"}],"about":[{"href":"https:\/\/dgospel.com.br\/portal\/index.php\/wp-json\/wp\/v2\/types\/post"}],"author":[{"embeddable":true,"href":"https:\/\/dgospel.com.br\/portal\/index.php\/wp-json\/wp\/v2\/users\/2"}],"replies":[{"embeddable":true,"href":"https:\/\/dgospel.com.br\/portal\/index.php\/wp-json\/wp\/v2\/comments?post=19070"}],"version-history":[{"count":1,"href":"https:\/\/dgospel.com.br\/portal\/index.php\/wp-json\/wp\/v2\/posts\/19070\/revisions"}],"predecessor-version":[{"id":19072,"href":"https:\/\/dgospel.com.br\/portal\/index.php\/wp-json\/wp\/v2\/posts\/19070\/revisions\/19072"}],"wp:featuredmedia":[{"embeddable":true,"href":"https:\/\/dgospel.com.br\/portal\/index.php\/wp-json\/wp\/v2\/media\/19071"}],"wp:attachment":[{"href":"https:\/\/dgospel.com.br\/portal\/index.php\/wp-json\/wp\/v2\/media?parent=19070"}],"wp:term":[{"taxonomy":"category","embeddable":true,"href":"https:\/\/dgospel.com.br\/portal\/index.php\/wp-json\/wp\/v2\/categories?post=19070"},{"taxonomy":"post_tag","embeddable":true,"href":"https:\/\/dgospel.com.br\/portal\/index.php\/wp-json\/wp\/v2\/tags?post=19070"}],"curies":[{"name":"wp","href":"https:\/\/api.w.org\/{rel}","templated":true}]}}