{"id":19088,"date":"2024-04-19T20:43:47","date_gmt":"2024-04-19T23:43:47","guid":{"rendered":"https:\/\/dgospel.com.br\/portal\/?p=19088"},"modified":"2024-04-24T20:57:52","modified_gmt":"2024-04-24T23:57:52","slug":"andre-valadao-e-davi-sacer-foram-alvo-de-medidas-ilegais-de-censura-por-alexandre-de-moraes","status":"publish","type":"post","link":"https:\/\/dgospel.com.br\/portal\/index.php\/2024\/04\/19\/andre-valadao-e-davi-sacer-foram-alvo-de-medidas-ilegais-de-censura-por-alexandre-de-moraes\/","title":{"rendered":"Andr\u00e9 Valad\u00e3o e Davi Sacer foram alvo de medidas ilegais de censura por Alexandre de Moraes"},"content":{"rendered":"\n<p>Andr\u00e9 Valad\u00e3o e Davi Sacer foram alvo de medidas ilegais de censura por parte do ministro Alexandre de Moraes, apontam documentos enviados pela plataforma X \u00e0 C\u00e2mara dos Representantes dos Estados Unidos.<\/p>\n\n\n\n<p>A&nbsp;<a href=\"https:\/\/twitter.com\/judiciarygop\/status\/1780733180372218151\">revela\u00e7\u00e3o<\/a>&nbsp;foi feita pelo Comit\u00ea de Assuntos Judici\u00e1rios da C\u00e2mara ap\u00f3s a plataforma X ter entregue os documentos sobre as a\u00e7\u00f5es de Alexandre de Moraes. No \u00faltimo dia 15, a empresa de Elon Musk informou que entregaria os dados solicitados em intima\u00e7\u00e3o feita pelo mesmo comit\u00ea.<\/p>\n\n\n\n<p>Com 541 p\u00e1ginas, o&nbsp;<a href=\"https:\/\/noticias.gospelmais.com.br\/elon-musk-nikolas-ferreira-provas-contra-alexandre-168562.html\"><strong>documento traz decis\u00f5es<\/strong><\/a>&nbsp;tomadas pelo ministro Alexandre de Moraes contra o ent\u00e3o presidente da Rep\u00fablica, Jair Bolsonaro (PL), o senador Alan Rick (Uni\u00e3o Brasil-AC), os deputados evang\u00e9licos Nikolas Ferreira (PL-MG) e Marcel van Hattem (Novo-RS), al\u00e9m de outros como Carla Zambelli (PL-SP) e Gustavo Gayer (PL-GO),&nbsp;<em>youtuber<\/em>&nbsp;eleito para seu primeiro mandato.<\/p>\n\n\n\n<p>No caso do pastor Andr\u00e9 Valad\u00e3o, as ordens de censura continham prints de suas publica\u00e7\u00f5es, como por exemplo uma que considerava que toda a metodologia do PT envolvia a implanta\u00e7\u00e3o de um regime comunista no Brasil. Depois de empossado, o presidente Lula admitiu ser um comunista e encorajou seus partid\u00e1rios a terem orgulho.<\/p>\n\n\n\n<p>\u201cEles nos acusam de comunistas, como se n\u00f3s fic\u00e1ssemos ofendidos com isso. N\u00f3s ficar\u00edamos ofendidos se nos chamasse de nazista, neofascista, de terrorista. Mas, de comunista, de socialista, nunca. Isso n\u00e3o nos ofende. Isso nos orgulha muitas vezes\u201d, declarou o mandat\u00e1rio na abertura do&nbsp;26\u00ba Encontro do Foro de S\u00e3o Paulo, em Bras\u00edlia (DF), em 29 de junho de 2023.<\/p>\n\n\n\n<p>O cantor Davi Sacer, que tinha mais de 600 mil seguidores no X \u00e0 \u00e9poca, se junta a outros influenciadores, como a ent\u00e3o ju\u00edza Ludmila Lins Grilo, o professor Marcelo Rocha Monteiro, os escritores e comentaristas pol\u00edticos Guilherme Fiuza, Rodrigo Constantino, Flavio Gordon, Elisa Robson e Paulo Figueiredo Filho, dentre outros.<\/p>\n\n\n\n<p>Elon Musk, que havia prometido entregar os documentos que provavam que as a\u00e7\u00f5es de Moraes eram ilegais, comentou a revela\u00e7\u00e3o das informa\u00e7\u00f5es pela C\u00e2mara dos Representantes dos EUA (equivalente \u00e0 C\u00e2mara dos Deputados no Brasil): \u201cThe law broke the law [\u2018A lei quebrou a lei\u2019]\u201d, escreveu, em sua conta no&nbsp;<a href=\"https:\/\/twitter.com\/elonmusk\/status\/1780875320134144064\">X<\/a>.<\/p>\n\n\n\n<p>Fonte: gospelmais<\/p>\n","protected":false},"excerpt":{"rendered":"<p>Andr\u00e9 Valad\u00e3o e Davi Sacer foram alvo de medidas ilegais de censura por parte do ministro Alexandre de Moraes, apontam documentos enviados pela plataforma X \u00e0 C\u00e2mara dos Representantes dos Estados Unidos. A&nbsp;revela\u00e7\u00e3o&nbsp;foi feita pelo Comit\u00ea de Assuntos Judici\u00e1rios da C\u00e2mara ap\u00f3s a plataforma X ter entregue os documentos sobre as a\u00e7\u00f5es de Alexandre de [&hellip;]<\/p>\n","protected":false},"author":2,"featured_media":19089,"comment_status":"open","ping_status":"open","sticky":false,"template":"","format":"standard","meta":[],"categories":[10],"tags":[],"_links":{"self":[{"href":"https:\/\/dgospel.com.br\/portal\/index.php\/wp-json\/wp\/v2\/posts\/19088"}],"collection":[{"href":"https:\/\/dgospel.com.br\/portal\/index.php\/wp-json\/wp\/v2\/posts"}],"about":[{"href":"https:\/\/dgospel.com.br\/portal\/index.php\/wp-json\/wp\/v2\/types\/post"}],"author":[{"embeddable":true,"href":"https:\/\/dgospel.com.br\/portal\/index.php\/wp-json\/wp\/v2\/users\/2"}],"replies":[{"embeddable":true,"href":"https:\/\/dgospel.com.br\/portal\/index.php\/wp-json\/wp\/v2\/comments?post=19088"}],"version-history":[{"count":2,"href":"https:\/\/dgospel.com.br\/portal\/index.php\/wp-json\/wp\/v2\/posts\/19088\/revisions"}],"predecessor-version":[{"id":19139,"href":"https:\/\/dgospel.com.br\/portal\/index.php\/wp-json\/wp\/v2\/posts\/19088\/revisions\/19139"}],"wp:featuredmedia":[{"embeddable":true,"href":"https:\/\/dgospel.com.br\/portal\/index.php\/wp-json\/wp\/v2\/media\/19089"}],"wp:attachment":[{"href":"https:\/\/dgospel.com.br\/portal\/index.php\/wp-json\/wp\/v2\/media?parent=19088"}],"wp:term":[{"taxonomy":"category","embeddable":true,"href":"https:\/\/dgospel.com.br\/portal\/index.php\/wp-json\/wp\/v2\/categories?post=19088"},{"taxonomy":"post_tag","embeddable":true,"href":"https:\/\/dgospel.com.br\/portal\/index.php\/wp-json\/wp\/v2\/tags?post=19088"}],"curies":[{"name":"wp","href":"https:\/\/api.w.org\/{rel}","templated":true}]}}