{"id":1909,"date":"2018-11-20T22:07:46","date_gmt":"2018-11-21T00:07:46","guid":{"rendered":"http:\/\/dgospel.com.br\/portal\/?p=1909"},"modified":"2018-11-20T22:07:46","modified_gmt":"2018-11-21T00:07:46","slug":"carlesse-avelino-e-siqueira-sao-homenageados-em-comemoracao-aos-30-anos-do-estado","status":"publish","type":"post","link":"https:\/\/dgospel.com.br\/portal\/index.php\/2018\/11\/20\/carlesse-avelino-e-siqueira-sao-homenageados-em-comemoracao-aos-30-anos-do-estado\/","title":{"rendered":"Carlesse, Avelino e Siqueira s\u00e3o homenageados em comemora\u00e7\u00e3o aos 30 anos do Estado"},"content":{"rendered":"<p>O governador Mauro Carlesse (PHS) e os ex-governadores Mois\u00e9s Avelino e Siqueira Campos foram homenageados em sess\u00e3o solene, na tarde desta quarta-feira, 20, na Assembleia Legislativa em comemora\u00e7\u00e3o aos 30 anos de cria\u00e7\u00e3o do Tocantins. Eles e outras 22 personalidades que\u00a0prestaram servi\u00e7os relevantes ao Estado receberam a \u201cComenda Ordem do M\u00e9rito do Legislativo\u201d.<\/p>\n<p>A solenidade foi marcada por apresenta\u00e7\u00f5es culturais e art\u00edsticas da Orquestra Sanf\u00f4nica Amor Perfeito, Quadrilha Junina Arranca Toco, de Aragua\u00edna, e do Grupo de S\u00fassia Ra\u00edzes do Tambor, de Silvan\u00f3polis. Os visitantes puderam conferir tamb\u00e9m exposi\u00e7\u00e3o fotogr\u00e1fica e de artesanato que retratam costumes, tradi\u00e7\u00f5es e a hist\u00f3ria do Estado.<\/p>\n<p>Para a presidente da Casa, deputada Luana Ribeiro (PSDB), lembrou que uma popula\u00e7\u00e3o que se pretenda respeitada, precisa conhecer suas origens. \u201cQuando relembramos nossa hist\u00f3ria, e homenageamos os homens e mulheres que se destacaram nestes 30 anos \u2013 que ajudaram a construir essa hist\u00f3ria com seu suor, seu trabalho, suas fam\u00edlias, seus sonhos e que transformaram em realidade o Tocantins de hoje \u2013 essa lembran\u00e7a e esse reconhecimento s\u00e3o uma prova de amor ao Estado e uma forma de retribuir com honraria a uma parte importante dos muitos cidad\u00e3os que colaboraram para a cria\u00e7\u00e3o do Tocantins\u201d.<\/p>\n<p>Mudan\u00e7as<\/p>\n<p>Representando os demais parlamentares, o deputado Ricardo Ayres citou avan\u00e7os do crescimento do Estado e da renda do cidad\u00e3o, mas listou alguns dos problemas que, para ele, precisam ser superados.<\/p>\n<p>Conforme Ayres, governos que n\u00e3o terminam seus mandatos, or\u00e7amentos irreais, crescimento de or\u00e7amentos de \u00f3rg\u00e3os em detrimento dos recursos do Executivo, devem ser revistos em um novo \u201cpacto republicano\u201d.<\/p>\n<p>\u00daltimo a discursar, o governador comentou as sugest\u00f5es. Depois de agradecer os conselhos, Carlesse disse que se candidatou a governador para fazer a diferen\u00e7a, n\u00e3o por vaidade, mas por compromisso com o povo. \u201cO cargo n\u00e3o \u00e9 mais importante que o dia de amanh\u00e3\u201d, disse.<\/p>\n<p>Sobre eventual choque de interesse na distribui\u00e7\u00e3o de recursos com \u00f3rg\u00e3os e poderes, conforme pontuado por Ayres, o governador foi diplom\u00e1tico. \u201cN\u00f3s temos que conversar e chegar a um entendimento\u201d.<\/p>\n<p>O governador reafirmou a dire\u00e7\u00e3o de seu Governo. \u201cA mudan\u00e7a tem de ser feita mesmo. O Executivo tem tomado posi\u00e7\u00f5es que n\u00e3o s\u00e3o populares, mas com firmeza e determina\u00e7\u00e3o vamos juntos a um Estado sem corrup\u00e7\u00e3o, onde o povo n\u00e3o precise pedir favores a ningu\u00e9m\u201d, encerrou. (Glauber Barros)<\/p>\n<p>Homenageados<\/p>\n<p>Receberam a Comenda o senador Jo\u00e3o Ribeiro (<i>in memoriam<\/i>); o procurador-geral de Justi\u00e7a, Jos\u00e9 Omar de Almeida J\u00fanior; o desembargador aposentado Jos\u00e9 Maria das Neves; o procurador de Justi\u00e7a, Alcir Raineri Filho; o reitor da UFT, Lu\u00eds Eduardo Bovolato; o conselheiro do Tribunal de Contas, Jos\u00e9 Wagner Praxedes; o presidente da Fieto, Roberto Pires; o senador Tot\u00f3 Cavalcante; o deputado constituinte Paschoal Baylon Gra\u00e7as Pedreira; e o primeiro prefeito de Itapiratins, Adeuvaldo de Sousa Rodrigues.<\/p>\n<p>Tamb\u00e9m foram agraciados o padre Martin Francis Keveny, p\u00e1roco da Par\u00f3quia S\u00e3o Sebasti\u00e3o, de Colinas; o empres\u00e1rio e ex-presidente da C\u00e2mara de Porto Nacional, Osmar Medrado de Sousa;\u00a0o coronel da Reserva da Pol\u00edcia Militar, Sebasti\u00e3o M\u00e1rcio Bandeira Lima; o deputado federal e ex-governador Carlos Henrique Amorim; e a secret\u00e1ria de Educa\u00e7\u00e3o e Cultura da cidade de Para\u00edso do Tocantins, Lizete de Sousa Coelho.<\/p>\n<p>Outros homenageados foram o m\u00e9dico Francisco Francimar Ferreira; a empres\u00e1ria Salvina Moc\u00f3; o empres\u00e1rio, filantropo e presidente da Funda\u00e7\u00e3o Pio XII, mantenedora do Hospital de Amor, Henrique Duarte Prata; o oficial de Cart\u00f3rio, Adhemar Pereira Torres; e os servidores p\u00fablicos Alonso Aires Pimenta, Alcides Carneiro Lopes, \u00c2ngela Maria Silva e Jos\u00e9 Cardoso.<\/p>\n<div class=\"addthis_toolbox addthis_default_style addthis_16x16_style\"><\/div>\n","protected":false},"excerpt":{"rendered":"<p>O governador Mauro Carlesse (PHS) e os ex-governadores Mois\u00e9s Avelino e Siqueira Campos foram homenageados em sess\u00e3o solene, na tarde desta quarta-feira, 20, na Assembleia Legislativa em comemora\u00e7\u00e3o aos 30 anos de cria\u00e7\u00e3o do Tocantins. Eles e outras 22 personalidades que\u00a0prestaram servi\u00e7os relevantes ao Estado receberam a \u201cComenda Ordem do M\u00e9rito do Legislativo\u201d. A solenidade [&hellip;]<\/p>\n","protected":false},"author":2,"featured_media":1910,"comment_status":"open","ping_status":"open","sticky":false,"template":"","format":"standard","meta":[],"categories":[8,2,4],"tags":[],"_links":{"self":[{"href":"https:\/\/dgospel.com.br\/portal\/index.php\/wp-json\/wp\/v2\/posts\/1909"}],"collection":[{"href":"https:\/\/dgospel.com.br\/portal\/index.php\/wp-json\/wp\/v2\/posts"}],"about":[{"href":"https:\/\/dgospel.com.br\/portal\/index.php\/wp-json\/wp\/v2\/types\/post"}],"author":[{"embeddable":true,"href":"https:\/\/dgospel.com.br\/portal\/index.php\/wp-json\/wp\/v2\/users\/2"}],"replies":[{"embeddable":true,"href":"https:\/\/dgospel.com.br\/portal\/index.php\/wp-json\/wp\/v2\/comments?post=1909"}],"version-history":[{"count":1,"href":"https:\/\/dgospel.com.br\/portal\/index.php\/wp-json\/wp\/v2\/posts\/1909\/revisions"}],"predecessor-version":[{"id":1911,"href":"https:\/\/dgospel.com.br\/portal\/index.php\/wp-json\/wp\/v2\/posts\/1909\/revisions\/1911"}],"wp:featuredmedia":[{"embeddable":true,"href":"https:\/\/dgospel.com.br\/portal\/index.php\/wp-json\/wp\/v2\/media\/1910"}],"wp:attachment":[{"href":"https:\/\/dgospel.com.br\/portal\/index.php\/wp-json\/wp\/v2\/media?parent=1909"}],"wp:term":[{"taxonomy":"category","embeddable":true,"href":"https:\/\/dgospel.com.br\/portal\/index.php\/wp-json\/wp\/v2\/categories?post=1909"},{"taxonomy":"post_tag","embeddable":true,"href":"https:\/\/dgospel.com.br\/portal\/index.php\/wp-json\/wp\/v2\/tags?post=1909"}],"curies":[{"name":"wp","href":"https:\/\/api.w.org\/{rel}","templated":true}]}}