{"id":19094,"date":"2024-04-19T21:57:56","date_gmt":"2024-04-20T00:57:56","guid":{"rendered":"https:\/\/dgospel.com.br\/portal\/?p=19094"},"modified":"2024-04-24T20:57:38","modified_gmt":"2024-04-24T23:57:38","slug":"wanderlei-barbosa-conduz-solenidade-que-marca-a-promocao-e-o-reconhecimento-dos-policiais-militares-tocantinenses","status":"publish","type":"post","link":"https:\/\/dgospel.com.br\/portal\/index.php\/2024\/04\/19\/wanderlei-barbosa-conduz-solenidade-que-marca-a-promocao-e-o-reconhecimento-dos-policiais-militares-tocantinenses\/","title":{"rendered":"Wanderlei Barbosa conduz solenidade que marca a promo\u00e7\u00e3o e o reconhecimento dos policiais militares tocantinenses"},"content":{"rendered":"\n<p>O Quartel do Comando Geral da Pol\u00edcia Militar (QCG) em Palmas foi palco da solenidade de promo\u00e7\u00f5es e entrega de medalhas aos policiais militares do Tocantins, nesta sexta-feira, 19. O evento foi conduzido pelo governador Wanderlei Barbosa, que demonstrou reconhecimento ao trabalho dos policiais militares refor\u00e7ando o compromisso do Governo do Tocantins com a valoriza\u00e7\u00e3o e o fortalecimento da seguran\u00e7a p\u00fablica no Estado.<\/p>\n\n\n\n<p>&#8220;\u00c9 uma honra estar aqui hoje para reconhecer o trabalho \u00e1rduo e a dedica\u00e7\u00e3o dos nossos policiais militares. Esperamos que essa promo\u00e7\u00e3o seja regular, que todo ano seja realizada, por meio dos cursos de forma\u00e7\u00e3o e outras atividades. Esperamos que os policiais recebam esse benef\u00edcio de direito para suas carreiras, o que \u00e9 importante\u201d, destacou o governador Wanderlei Barbosa.<\/p>\n\n\n\n<p>O comandante-geral da Pol\u00edcia Militar (PMTO), coronel M\u00e1rcio Ant\u00f4nio Barbosa, ressaltou a import\u00e2ncia da solenidade e o significado por tr\u00e1s das promo\u00e7\u00f5es e das homenagens. \u201cHoje \u00e9 um dia festivo para a Pol\u00edcia Militar, pois comemoramos o dia do patrono nosso, Tiradentes, com as promo\u00e7\u00f5es e a concess\u00e3o de medalhas. Os resultados dos investimentos, que o governador Wanderlei Barbosa tem feito na nossa Pol\u00edcia, aparecem na rua. S\u00e3o in\u00fameras opera\u00e7\u00f5es bem exitosas, diminui\u00e7\u00e3o de \u00edndices de criminalidade e isso \u00e9 fruto de todo o trabalho que tem sido feito\u201d, afirmou o coronel M\u00e1rcio Ant\u00f4nio Barbosa.<\/p>\n\n\n\n<p>A solenidade contou ainda com a presen\u00e7a da primeira-dama do estado do Tocantins e secret\u00e1ria extraordin\u00e1ria de Participa\u00e7\u00f5es Sociais, Karynne Sotero.&nbsp;<\/p>\n\n\n\n<p><strong>Promo\u00e7\u00f5es<\/strong><\/p>\n\n\n\n<p>A Lei n\u00b0 2.575\/2012 define as promo\u00e7\u00f5es dos policiais militares do Tocantins como atos administrativos que reconhecem m\u00e9rito e habilidade para ocupar postos ou gradua\u00e7\u00f5es superiores. Essas promo\u00e7\u00f5es s\u00e3o realizadas de forma seletiva, gradual e sucessiva, preenchendo vagas existentes de acordo com um planejamento de carreira para cada especialidade da Pol\u00edcia Militar.&nbsp; Todo o planejamento \u00e9 feito pela PMTO, garantindo um fluxo regular e equilibrado de promo\u00e7\u00f5es, conforme suas necessidades e os interesses da administra\u00e7\u00e3o p\u00fablica estadual. As promo\u00e7\u00f5es seguem crit\u00e9rios de antiguidade, considerando preced\u00eancia hier\u00e1rquica e merecimento; e avaliando as qualidades e os atributos do militar ao longo da carreira e em cargos exercidos; e escolha, feita pelo chefe do poder Executivo para o posto de coronel, considerando a qualifica\u00e7\u00e3o para cargos de comando, chefia ou dire\u00e7\u00e3o.<\/p>\n\n\n\n<p>A militar Janice Mara Souza recebeu a promo\u00e7\u00e3o. Contribuindo por quase duas d\u00e9cadas com os trabalhos na Pol\u00edcia Militar, agora, ela recebe a patente de tenente-coronel. \u201cA promo\u00e7\u00e3o \u00e9 o \u00e1pice da nossa carreira militar, ent\u00e3o ascender a um posto de oficial superior, como tenente-coronel, \u00e9 a maior alegria que um militar pode ter para toda a carreira profissional, porque \u00e9 um momento em que voc\u00ea v\u00ea o reconhecimento da sua dedica\u00e7\u00e3o\u201d, comemorou a nova tenente-coronel.<\/p>\n\n\n\n<p><strong>Honrarias<\/strong><\/p>\n\n\n\n<p>Al\u00e9m das promo\u00e7\u00f5es, foram entregues medalhas como reconhecimento pelo servi\u00e7o prestado, incluindo a Medalha Tiradentes, a Medalha do M\u00e9rito Policial Militar e a Medalha de Tempo de Servi\u00e7o. As honrarias foram cedidas a civis e militares, sendo muitos deles de outros estados.<\/p>\n\n\n\n<p>Cerca de 50 militares receberam a honraria, sendo de pol\u00edcias de outros estados como Bahia, Goi\u00e1s, Maranh\u00e3o, Minas Gerais e S\u00e3o Paulo. Entre os homenageados, est\u00e3o os policiais militares que trabalharam de forma conjunta com o Tocantins, na opera\u00e7\u00e3o&nbsp;<em>Cangu\u00e7u<\/em>, realizada em 2023 para capturar uma quadrilha suspeita de tentativa de assalto a uma transportadora em Confresa, no Mato Grosso.<\/p>\n\n\n\n<p>As for\u00e7as policiais mineiras ajudaram a conter os criminosos que fugiram para a Ilha do Bananal ap\u00f3s cometer o crime no estado vizinho. O comandante-geral da Pol\u00edcia Militar de Minas Gerais, coronel Rodrigo Piassi do Nascimento, agradeceu a homenagem e o reconhecimento, destacando que a iniciativa refor\u00e7a a parceria entre as pol\u00edcias do Brasil. \u201cA homenagem \u00e9 muito importante, pois s\u00e3o a\u00e7\u00f5es como essa que aumentam o la\u00e7o de coopera\u00e7\u00e3o, de intelig\u00eancia e de apoio que as pol\u00edcias militares precisam prestar aos seus estados. Tenho certeza de que n\u00f3s vamos ampliar ainda mais essa coopera\u00e7\u00e3o operacional entre os nossos estados\u201d, comentou o coronel Rodrigo Piassi.<\/p>\n\n\n\n<p><img src=\"https:\/\/central.to.gov.br\/image\/373605?w=670&amp;h=383\"><\/p>\n\n\n\n<p>Policiais Militares recebem Promo\u00e7\u00f5es e Medalhas do governador Wanderlei Barbosa &#8211; Ant\u00f4nio Gon\u00e7alves\/Governo do Tocantins&nbsp;<a href=\"https:\/\/central.to.gov.br\/image\/373605?f=1\" target=\"_blank\" rel=\"noreferrer noopener\"><em>file_download<\/em><\/a><\/p>\n\n\n\n<p><img src=\"https:\/\/central.to.gov.br\/image\/373599?w=670&amp;h=383\"><\/p>\n\n\n\n<p>Governador Wanderlei Barbosa entregou medalhas como reconhecimento pelo servi\u00e7o prestado &#8211;&nbsp;<a href=\"https:\/\/central.to.gov.br\/image\/373599?f=1\" target=\"_blank\" rel=\"noreferrer noopener\"><em>file_download<\/em><\/a><\/p>\n\n\n\n<p><img src=\"https:\/\/central.to.gov.br\/image\/373602?w=670&amp;h=383\"><\/p>\n\n\n\n<p>O evento foi conduzido pelo governador Wanderlei Barbosa, que demonstrou reconhecimento ao trabalho dos policiais militares &#8211; Ant\u00f4nio Gon\u00e7alves\/Governo do Tocantins&nbsp;<a href=\"https:\/\/central.to.gov.br\/image\/373602?f=1\" target=\"_blank\" rel=\"noreferrer noopener\"><em>file_download<\/em><\/a><\/p>\n\n\n\n<p><img src=\"https:\/\/central.to.gov.br\/image\/373607?w=670&amp;h=383\"><\/p>\n\n\n\n<p>O comandante-geral da PMTO, coronel M\u00e1rcio Ant\u00f4nio Barbosa, ressaltou a import\u00e2ncia da solenidade e o significado por tr\u00e1s das promo\u00e7\u00f5es e homenagens &#8211; Ant\u00f4nio Gon\u00e7alves\/Governo do Tocantins&nbsp;<a href=\"https:\/\/central.to.gov.br\/image\/373607?f=1\" target=\"_blank\" rel=\"noreferrer noopener\"><em>file_download<\/em><\/a><\/p>\n\n\n\n<p><img src=\"https:\/\/central.to.gov.br\/image\/373603?w=670&amp;h=383\"><\/p>\n\n\n\n<p>A militar Janice Mara Souza recebeu a promo\u00e7\u00e3o, a policial contribui por quase duas d\u00e9cadas com os trabalhos na Pol\u00edcia Militar, agora, ela recebe a patente de tenente-coronel &#8211; Ant\u00f4nio Gon\u00e7alves\/Governo do Tocantins&nbsp;<a href=\"https:\/\/central.to.gov.br\/image\/373603?f=1\" target=\"_blank\" rel=\"noreferrer noopener\"><em>file_download<\/em><\/a><\/p>\n\n\n\n<p><img src=\"https:\/\/central.to.gov.br\/image\/373601?w=670&amp;h=383\"><\/p>\n\n\n\n<p>Comandante-geral da PM de Minas Gerais, coronel Rodrigo Piassi do Nascimento, agradeceu a homenagem e o reconhecimento da PM do Tocantins &#8211; Ant\u00f4nio Gon\u00e7alves\/Governo do Tocantins&nbsp;<a href=\"https:\/\/central.to.gov.br\/image\/373601?f=1\" target=\"_blank\" rel=\"noreferrer noopener\"><em>file_download<\/em><\/a><\/p>\n\n\n\n<p><img src=\"https:\/\/central.to.gov.br\/image\/373606?w=670&amp;h=383\"><\/p>\n\n\n\n<p>A solenidade de promo\u00e7\u00f5es e entrega de medalhas aos policiais militares do Tocantins, acorreu nesta sexta-feira, 19 &#8211; Ant\u00f4nio Gon\u00e7alves\/Governo do Tocantins&nbsp;<a href=\"https:\/\/central.to.gov.br\/image\/373606?f=1\" target=\"_blank\" rel=\"noreferrer noopener\"><em>file_download<\/em><\/a><\/p>\n\n\n\n<p><img src=\"https:\/\/central.to.gov.br\/image\/373600?w=670&amp;h=383\"><\/p>\n\n\n\n<p>Cerca de 50 militares receberam a honraria, sendo de pol\u00edcias de outros estados como Bahia, Goi\u00e1s, Maranh\u00e3o, Minas Gerais e S\u00e3o Paulo &#8211; Ant\u00f4nio Gon\u00e7alves\/Governo do Tocantins&nbsp;<a href=\"https:\/\/central.to.gov.br\/image\/373600?f=1\" target=\"_blank\" rel=\"noreferrer noopener\"><em>file_download<\/em><\/a><\/p>\n","protected":false},"excerpt":{"rendered":"<p>O Quartel do Comando Geral da Pol\u00edcia Militar (QCG) em Palmas foi palco da solenidade de promo\u00e7\u00f5es e entrega de medalhas aos policiais militares do Tocantins, nesta sexta-feira, 19. O evento foi conduzido pelo governador Wanderlei Barbosa, que demonstrou reconhecimento ao trabalho dos policiais militares refor\u00e7ando o compromisso do Governo do Tocantins com a valoriza\u00e7\u00e3o [&hellip;]<\/p>\n","protected":false},"author":2,"featured_media":19095,"comment_status":"open","ping_status":"open","sticky":false,"template":"","format":"standard","meta":[],"categories":[3],"tags":[],"_links":{"self":[{"href":"https:\/\/dgospel.com.br\/portal\/index.php\/wp-json\/wp\/v2\/posts\/19094"}],"collection":[{"href":"https:\/\/dgospel.com.br\/portal\/index.php\/wp-json\/wp\/v2\/posts"}],"about":[{"href":"https:\/\/dgospel.com.br\/portal\/index.php\/wp-json\/wp\/v2\/types\/post"}],"author":[{"embeddable":true,"href":"https:\/\/dgospel.com.br\/portal\/index.php\/wp-json\/wp\/v2\/users\/2"}],"replies":[{"embeddable":true,"href":"https:\/\/dgospel.com.br\/portal\/index.php\/wp-json\/wp\/v2\/comments?post=19094"}],"version-history":[{"count":1,"href":"https:\/\/dgospel.com.br\/portal\/index.php\/wp-json\/wp\/v2\/posts\/19094\/revisions"}],"predecessor-version":[{"id":19096,"href":"https:\/\/dgospel.com.br\/portal\/index.php\/wp-json\/wp\/v2\/posts\/19094\/revisions\/19096"}],"wp:featuredmedia":[{"embeddable":true,"href":"https:\/\/dgospel.com.br\/portal\/index.php\/wp-json\/wp\/v2\/media\/19095"}],"wp:attachment":[{"href":"https:\/\/dgospel.com.br\/portal\/index.php\/wp-json\/wp\/v2\/media?parent=19094"}],"wp:term":[{"taxonomy":"category","embeddable":true,"href":"https:\/\/dgospel.com.br\/portal\/index.php\/wp-json\/wp\/v2\/categories?post=19094"},{"taxonomy":"post_tag","embeddable":true,"href":"https:\/\/dgospel.com.br\/portal\/index.php\/wp-json\/wp\/v2\/tags?post=19094"}],"curies":[{"name":"wp","href":"https:\/\/api.w.org\/{rel}","templated":true}]}}