{"id":19097,"date":"2024-04-19T22:00:03","date_gmt":"2024-04-20T01:00:03","guid":{"rendered":"https:\/\/dgospel.com.br\/portal\/?p=19097"},"modified":"2024-04-24T22:35:21","modified_gmt":"2024-04-25T01:35:21","slug":"wanderlei-barbosa-assina-pacto-nacional-pela-consciencia-vacinal-e-destaca-a-importancia-das-campanhas-para-alcancar-metas","status":"publish","type":"post","link":"https:\/\/dgospel.com.br\/portal\/index.php\/2024\/04\/19\/wanderlei-barbosa-assina-pacto-nacional-pela-consciencia-vacinal-e-destaca-a-importancia-das-campanhas-para-alcancar-metas\/","title":{"rendered":"Wanderlei Barbosa assina Pacto Nacional pela Consci\u00eancia Vacinal e destaca a import\u00e2ncia das campanhas para alcan\u00e7ar metas"},"content":{"rendered":"\n<p>Em solenidade realizada na tarde desta sexta-feira, 19, no audit\u00f3rio do Minist\u00e9rio P\u00fablico Estadual (MPE), o governador do Estado do Tocantins, Wanderlei Barbosa, assinou a ades\u00e3o ao Pacto Nacional pela Consci\u00eancia Vacinal. O evento contou com a presen\u00e7a do conselheiro e presidente da Comiss\u00e3o de Sa\u00fade do Conselho Nacional do Minist\u00e9rio P\u00fablico (CNMP), Jayme de Oliveira, prefeitos e representantes de outros poderes. O Tocantins o foi o 18\u00ba Estado a aderir ao Pacto.<\/p>\n\n\n\n<p>O pacto \u00e9 uma iniciativa do Conselho Nacional do Minist\u00e9rio P\u00fablico (CNMP), e tem como objetivo estimular a participa\u00e7\u00e3o da sociedade civil e a ades\u00e3o de todos os poderes e organismos p\u00fablicos. Por meio do Pacto o CNMP pretende dar a sua contribui\u00e7\u00e3o para a retomada de \u00edndices seguros e homog\u00eaneos de cobertura vacinal em todo o territ\u00f3rio nacional por meio da conscientiza\u00e7\u00e3o da popula\u00e7\u00e3o prevista no Plano Nacional de Imuniza\u00e7\u00e3o (PNI) e atuar pelo aprimoramento do cadastro do Datasul e pela confiabilidade das informa\u00e7\u00f5es registradas e veiculadas.<\/p>\n\n\n\n<p>O governador Wanderlei Barbosa destacou que tem a compreens\u00e3o de que as doen\u00e7as virais devem ser controladas por meio da vacina\u00e7\u00e3o da popula\u00e7\u00e3o e, que a sua gest\u00e3o, tem feito o poss\u00edvel para mobilizar os prefeitos e a sociedade para a import\u00e2ncia das campanhas. \u201cFoi esse trabalho junto aos munic\u00edpios que tem dado resultado, porque fazemos campanhas de maneira integrada e forte para alcan\u00e7armos metas e tirarmos as nossas comunidades da vulnerabilidade. A gente tem que ter a compreens\u00e3o que uma doen\u00e7a viral se controla com vacina\u00e7\u00e3o e n\u00e3o podemos politizar o Pacto, t\u00e3o importante para nossa a sa\u00fade\u201d, destacou o Governador.<\/p>\n\n\n\n<p>O presidente da Associa\u00e7\u00e3o Nacional do Minist\u00e9rio P\u00fablico, Jaime Martins, salientou que a campanha de vacina\u00e7\u00e3o do Brasil \u00e9 refer\u00eancia para o mundo, mas que as falsas not\u00edcias t\u00eam prejudicado os resultados. \u201cIsso tem prejudicado muito a sa\u00fade neste per\u00edodo e estamos vendo a cobertura vacinal diminuir e presenciar a incid\u00eancia de doen\u00e7as j\u00e1 controladas. A palavra consci\u00eancia \u00e9 muito importante neste contexto\u201d, frisou ele lembrando que a melhor maneira de controlar as doen\u00e7as \u00e9 avan\u00e7ar na cobertura vacinal.<\/p>\n\n\n\n<p>O procurador-geral de Justi\u00e7a do Tocantins, Luciano Casaroti, agradeceu a presen\u00e7a do governador Wanderlei Barbosa, segundo disse um grande parceiro do Minist\u00e9rio P\u00fablico e destacou que o Pacto Nacional pela Consci\u00eancia Vacinal \u00e9 uma iniciativa importante, inspirada no di\u00e1logo com os principais \u00f3rg\u00e3os e lideran\u00e7as estaduais, em defesa da vacina\u00e7\u00e3o. \u201cAqui no Tocantins, o MPE est\u00e1 articulando tamb\u00e9m com os munic\u00edpios para que assinem o pacto e fortale\u00e7am esta corrente em prol da sa\u00fade dos tocantinenses\u201d, disse.<\/p>\n\n\n\n<p>Desde que foi criado, em 30 de novembro de 2022, mais de 170 institui\u00e7\u00f5es j\u00e1 aderiram ao Pacto, como Minist\u00e9rio da Sa\u00fade, Organiza\u00e7\u00e3o Pan-Americana da Sa\u00fade (Opas\/OMS); Conselhos Nacional e Municipal de Secret\u00e1rios de Sa\u00fade; Unicef, bra\u00e7o da Organiza\u00e7\u00e3o das Na\u00e7\u00f5es Unidas para a inf\u00e2ncia; e Fiocruz.<\/p>\n\n\n\n<p><strong>Selo<\/strong><\/p>\n\n\n\n<p>O minist\u00e9rio P\u00fablico tamb\u00e9m realizou a cerim\u00f4nia premia\u00e7\u00e3o&nbsp;<em>Selo Munic\u00edpio Amigo da Vacina<\/em>, onde prefeitos de 45 munic\u00edpios receberam o Selo Bronze e 40 munic\u00edpios foram agraciados com o Selo Ouro por terem alcan\u00e7ado a cobertura vacinal, preconizada no Estatuto da Crian\u00e7a e do Adolescente, e adotarem boas pr\u00e1ticas na gest\u00e3o de pol\u00edticas p\u00fablicas em prol da imuniza\u00e7\u00e3o. Diversos parceiros tamb\u00e9m foram homenageados.<\/p>\n\n\n\n<p>A iniciativa tamb\u00e9m conta com o apoio de diversos ve\u00edculos de comunica\u00e7\u00e3o, de institui\u00e7\u00f5es esportivas e diversos estados brasileiros.&nbsp; Entre as a\u00e7\u00f5es de destaque, a Infraero, outra parceira do projeto, divulgou o Pacto em seus aeroportos e redes sociais.\u202f &nbsp;J\u00e1 a mensagem&nbsp;<em>Todos juntos pela vacina\u00e7\u00e3o. Vacina no bra\u00e7o, sa\u00fade em campo<\/em>! foi exibida nos pain\u00e9is de led em volta dos gramados durante os dez jogos da 37\u00aa Rodada do Campeonato Brasileiro de 2023. Todos os parceiros t\u00eam contribu\u00eddo para potencializar a campanha vacinal por meio de sua comunica\u00e7\u00e3o com os torcedores e a sociedade.<\/p>\n\n\n\n<p><img src=\"https:\/\/central.to.gov.br\/image\/373655?w=670&amp;h=383\"><\/p>\n\n\n\n<p>O evento contou com a presen\u00e7a do conselheiro e presidente da Comiss\u00e3o de Sa\u00fade do Conselho Nacional do Minist\u00e9rio P\u00fablico (CNMP), Jayme de Oliveira, prefeitos e representantes de outros poderes &#8211; Esequias Ara\u00fajo\/Governo do Tocantins&nbsp;<a href=\"https:\/\/central.to.gov.br\/image\/373655?f=1\" target=\"_blank\" rel=\"noreferrer noopener\"><em>file_download<\/em><\/a><\/p>\n\n\n\n<p><img src=\"https:\/\/central.to.gov.br\/image\/373654?w=670&amp;h=383\"><\/p>\n\n\n\n<p>O presidente da Associa\u00e7\u00e3o Nacional do Minist\u00e9rio P\u00fablico, Jaime Martins, disse que a cobertura vacinal foi impactada pelas noticias falsas &#8211; Esequias Ara\u00fajo\/Governo do Tocantins&nbsp;<a href=\"https:\/\/central.to.gov.br\/image\/373654?f=1\" target=\"_blank\" rel=\"noreferrer noopener\"><em>file_download<\/em><\/a><\/p>\n\n\n\n<p><img src=\"https:\/\/central.to.gov.br\/image\/373653?w=670&amp;h=383\"><\/p>\n\n\n\n<p>O governador Wanderlei Barbosa destacou que tem a compreens\u00e3o de que as doen\u00e7as virais devem ser controladas por meio da vacina\u00e7\u00e3o da popula\u00e7\u00e3o &#8211; Esequias Ara\u00fajo\/Governo do Tocantins<\/p>\n","protected":false},"excerpt":{"rendered":"<p>Em solenidade realizada na tarde desta sexta-feira, 19, no audit\u00f3rio do Minist\u00e9rio P\u00fablico Estadual (MPE), o governador do Estado do Tocantins, Wanderlei Barbosa, assinou a ades\u00e3o ao Pacto Nacional pela Consci\u00eancia Vacinal. O evento contou com a presen\u00e7a do conselheiro e presidente da Comiss\u00e3o de Sa\u00fade do Conselho Nacional do Minist\u00e9rio P\u00fablico (CNMP), Jayme de [&hellip;]<\/p>\n","protected":false},"author":2,"featured_media":19098,"comment_status":"open","ping_status":"open","sticky":false,"template":"","format":"standard","meta":[],"categories":[3],"tags":[13],"_links":{"self":[{"href":"https:\/\/dgospel.com.br\/portal\/index.php\/wp-json\/wp\/v2\/posts\/19097"}],"collection":[{"href":"https:\/\/dgospel.com.br\/portal\/index.php\/wp-json\/wp\/v2\/posts"}],"about":[{"href":"https:\/\/dgospel.com.br\/portal\/index.php\/wp-json\/wp\/v2\/types\/post"}],"author":[{"embeddable":true,"href":"https:\/\/dgospel.com.br\/portal\/index.php\/wp-json\/wp\/v2\/users\/2"}],"replies":[{"embeddable":true,"href":"https:\/\/dgospel.com.br\/portal\/index.php\/wp-json\/wp\/v2\/comments?post=19097"}],"version-history":[{"count":2,"href":"https:\/\/dgospel.com.br\/portal\/index.php\/wp-json\/wp\/v2\/posts\/19097\/revisions"}],"predecessor-version":[{"id":19138,"href":"https:\/\/dgospel.com.br\/portal\/index.php\/wp-json\/wp\/v2\/posts\/19097\/revisions\/19138"}],"wp:featuredmedia":[{"embeddable":true,"href":"https:\/\/dgospel.com.br\/portal\/index.php\/wp-json\/wp\/v2\/media\/19098"}],"wp:attachment":[{"href":"https:\/\/dgospel.com.br\/portal\/index.php\/wp-json\/wp\/v2\/media?parent=19097"}],"wp:term":[{"taxonomy":"category","embeddable":true,"href":"https:\/\/dgospel.com.br\/portal\/index.php\/wp-json\/wp\/v2\/categories?post=19097"},{"taxonomy":"post_tag","embeddable":true,"href":"https:\/\/dgospel.com.br\/portal\/index.php\/wp-json\/wp\/v2\/tags?post=19097"}],"curies":[{"name":"wp","href":"https:\/\/api.w.org\/{rel}","templated":true}]}}