{"id":191,"date":"2018-05-16T11:12:58","date_gmt":"2018-05-16T14:12:58","guid":{"rendered":"http:\/\/dgospel.com.br\/portal\/?p=191"},"modified":"2018-05-16T11:12:58","modified_gmt":"2018-05-16T14:12:58","slug":"mulher-gravida-de-8-meses-perde-o-bebe-e-morre-apos-ser-atingida-por-caminhao-em-faixa-de-pedestre-em-palmas","status":"publish","type":"post","link":"https:\/\/dgospel.com.br\/portal\/index.php\/2018\/05\/16\/mulher-gravida-de-8-meses-perde-o-bebe-e-morre-apos-ser-atingida-por-caminhao-em-faixa-de-pedestre-em-palmas\/","title":{"rendered":"Mulher gr\u00e1vida de 8 meses perde o beb\u00ea e morre ap\u00f3s ser atingida por caminh\u00e3o em faixa de pedestre em Palmas"},"content":{"rendered":"<p>Uma gr\u00e1vida de 8 meses identificada como Vanderlice Alves de Sousa, de 31 anos, morreu ap\u00f3s ser atingida por um caminh\u00e3o na avenida NS-04, da regi\u00e3o sul de Palmas. O beb\u00ea n\u00e3o resistiu e foi retirado no Hospital Geral de Palmas. Testemunhas informaram que a motocicleta em que ela estava parou na faixa de pedestres. O caminh\u00e3o que seguia logo atr\u00e1s bateu na traseira do ve\u00edculo.<\/p>\n<p>O acidente aconteceu no in\u00edcio da noite desta ter\u00e7a-feira (15), na avenida entre as quadras Arse 91 e Arse 92 (antiga 904 e 906 Sul). O irm\u00e3o da v\u00edtima estava pilotando a motocicleta e ficou ferido. Ele disse que parou na faixa para uma mulher atravessar.<\/p>\n<p style=\"font-style: inherit; font-weight: inherit;\" data-track-category=\"Link no Texto\" data-track-links=\"\">O Servi\u00e7o de Atendimento M\u00f3vel de Urg\u00eancia (Samu) foi chamado por pessoas que testemunharam o acidente. A v\u00edtima foi socorrida e levada para o hospital. As informa\u00e7\u00f5es s\u00e3o de que o beb\u00ea foi retirado morto. J\u00e1 a mulher estava aparentemente est\u00e1vel, mas morreu na madrugada desta quarta-feira (16).<\/p>\n<p style=\"font-style: inherit; font-weight: inherit;\" data-track-category=\"Link no Texto\" data-track-links=\"\">A Pol\u00edcia Civil informou que a fam\u00edlia esteve na delegacia para registrar boletim de ocorr\u00eancia. O acidente n\u00e3o foi atendido pela Pol\u00edcia Militar. O IML informou que o corpo da mulher deu entrada no instituto na manh\u00e3 desta quarta-feira.<\/p>\n<p>&nbsp;<\/p>\n<p>Fonte: <strong>G1 Tocantins<\/strong><\/p>\n","protected":false},"excerpt":{"rendered":"<p>Uma gr\u00e1vida de 8 meses identificada como Vanderlice Alves de Sousa, de 31 anos, morreu ap\u00f3s ser atingida por um caminh\u00e3o na avenida NS-04, da regi\u00e3o sul de Palmas. O beb\u00ea n\u00e3o resistiu e foi retirado no Hospital Geral de Palmas. Testemunhas informaram que a motocicleta em que ela estava parou na faixa de pedestres. [&hellip;]<\/p>\n","protected":false},"author":2,"featured_media":192,"comment_status":"open","ping_status":"open","sticky":false,"template":"","format":"standard","meta":[],"categories":[2,3],"tags":[],"_links":{"self":[{"href":"https:\/\/dgospel.com.br\/portal\/index.php\/wp-json\/wp\/v2\/posts\/191"}],"collection":[{"href":"https:\/\/dgospel.com.br\/portal\/index.php\/wp-json\/wp\/v2\/posts"}],"about":[{"href":"https:\/\/dgospel.com.br\/portal\/index.php\/wp-json\/wp\/v2\/types\/post"}],"author":[{"embeddable":true,"href":"https:\/\/dgospel.com.br\/portal\/index.php\/wp-json\/wp\/v2\/users\/2"}],"replies":[{"embeddable":true,"href":"https:\/\/dgospel.com.br\/portal\/index.php\/wp-json\/wp\/v2\/comments?post=191"}],"version-history":[{"count":1,"href":"https:\/\/dgospel.com.br\/portal\/index.php\/wp-json\/wp\/v2\/posts\/191\/revisions"}],"predecessor-version":[{"id":193,"href":"https:\/\/dgospel.com.br\/portal\/index.php\/wp-json\/wp\/v2\/posts\/191\/revisions\/193"}],"wp:featuredmedia":[{"embeddable":true,"href":"https:\/\/dgospel.com.br\/portal\/index.php\/wp-json\/wp\/v2\/media\/192"}],"wp:attachment":[{"href":"https:\/\/dgospel.com.br\/portal\/index.php\/wp-json\/wp\/v2\/media?parent=191"}],"wp:term":[{"taxonomy":"category","embeddable":true,"href":"https:\/\/dgospel.com.br\/portal\/index.php\/wp-json\/wp\/v2\/categories?post=191"},{"taxonomy":"post_tag","embeddable":true,"href":"https:\/\/dgospel.com.br\/portal\/index.php\/wp-json\/wp\/v2\/tags?post=191"}],"curies":[{"name":"wp","href":"https:\/\/api.w.org\/{rel}","templated":true}]}}