{"id":19107,"date":"2024-04-22T15:47:20","date_gmt":"2024-04-22T18:47:20","guid":{"rendered":"https:\/\/dgospel.com.br\/portal\/?p=19107"},"modified":"2024-04-24T20:56:02","modified_gmt":"2024-04-24T23:56:02","slug":"justica-proibe-uso-de-sob-a-protecao-de-deus-em-abertura-de-sessoes-da-camara-de-bauru","status":"publish","type":"post","link":"https:\/\/dgospel.com.br\/portal\/index.php\/2024\/04\/22\/justica-proibe-uso-de-sob-a-protecao-de-deus-em-abertura-de-sessoes-da-camara-de-bauru\/","title":{"rendered":"Justi\u00e7a pro\u00edbe uso de &#8216;sob a prote\u00e7\u00e3o de Deus&#8217; em abertura de sess\u00f5es da C\u00e2mara de Bauru"},"content":{"rendered":"\n<p>O \u00d3rg\u00e3o Especial do Tribunal de Justi\u00e7a de S\u00e3o Paulo (TJ-SP) decidiu que a pr\u00e1tica de fazer a&nbsp;<strong><a href=\"https:\/\/guiame.com.br\/gospel\/noticias\/leitura-da-biblia-antes-das-sessoes-legislativas-e-inconstitucional-diz-tribunal-de-sp.html\">leitura da B\u00edblia<\/a><\/strong>&nbsp;e usar a frase &#8220;sob a prote\u00e7\u00e3o de Deus&#8221; na abertura das sess\u00f5es da C\u00e2mara Municipal de Bauru (SP) \u00e9 inconstitucional.<\/p>\n\n\n\n<p>Como resultado, essa tradi\u00e7\u00e3o n\u00e3o dever\u00e1 mais ser seguida no in\u00edcio das atividades legislativas do munic\u00edpio. No entanto, ainda cabe recurso.<\/p>\n\n\n\n<p>No \u00faltimo dia 17 de abril, os magistrados do \u00d3rg\u00e3o Especial do TJ-SP, que t\u00eam a responsabilidade de analisar a\u00e7\u00f5es desse tipo, proferiram uma decis\u00e3o un\u00e2nime sobre o assunto.<\/p>\n\n\n\n<p>A C\u00e2mara Municipal de Bauru declarou em comunicado que ainda n\u00e3o recebeu notifica\u00e7\u00e3o oficial, por\u00e9m, assim que for informada sobre a decis\u00e3o, planeja recorrer.<\/p>\n\n\n\n<p>O presidente do legislativo, vereador Junior Rodrigues (PSD) destacou que &#8220;o regimento interno (Resolu\u00e7\u00e3o n.\u00ba 263\/1990) est\u00e1 em vig\u00eancia h\u00e1 33 anos no munic\u00edpio, e nunca houve nenhuma indaga\u00e7\u00e3o sobre tais dispositivos por qualquer pessoa que seja, a indicar um contexto de privil\u00e9gio, preconceito, discrimina\u00e7\u00e3o ou&nbsp;<strong><a href=\"https:\/\/guiame.com.br\/gospel\/missoes-acao-social\/advogada-sobre-perseguicao-na-nicaragua-cristaos-estao-em-prisoes-de-seguranca-maxima.html\">intoler\u00e2ncia religiosa<\/a><\/strong>&#8220;.<\/p>\n\n\n\n<p>A quest\u00e3o foi analisada por meio de uma A\u00e7\u00e3o Direta de Inconstitucionalidade (ADI) movida pela Procuradoria-Geral de Justi\u00e7a, o \u00f3rg\u00e3o mais alto do Minist\u00e9rio P\u00fablico de S\u00e3o Paulo (MP-SP). Eles argumentaram que o procedimento da C\u00e2mara viola o princ\u00edpio do Estado laico.<\/p>\n\n\n\n<p>Al\u00e9m da leitura da B\u00edblia no momento de abertura das sess\u00f5es, a decis\u00e3o judicial derruba tamb\u00e9m a determina\u00e7\u00e3o do regimento para que a B\u00edblia fique sobre a Mesa Diretora da Casa durante as sess\u00f5es.<\/p>\n\n\n\n<p>Conforme a decis\u00e3o, os dispositivos violam o princ\u00edpio da laicidade do Estado brasileiro, uma vez que a C\u00e2mara de Bauru, como uma institui\u00e7\u00e3o p\u00fablica dentro de um estado laico, n\u00e3o pode favorecer uma religi\u00e3o em detrimento de outras ou daqueles que n\u00e3o possuem cren\u00e7a religiosa.<\/p>\n\n\n\n<p>&#8220;N\u00e3o compete ao Poder Legislativo municipal criar prefer\u00eancia por determinada religi\u00e3o \u2013 como o faz pela invoca\u00e7\u00e3o a &#8216;Deus&#8217;, disponibiliza\u00e7\u00e3o da B\u00edblia e a exig\u00eancia da leitura de trecho da B\u00edblia para iniciar a sess\u00e3o legislativa na C\u00e2mara Municipal \u2013 voltado exclusivamente aos seguidores dos princ\u00edpios dos credos monote\u00edstas, alijando outras cren\u00e7as presentes no tecido social brasileiro que n\u00e3o ostentem essa caracter\u00edstica&#8221;, justifica a decis\u00e3o.<\/p>\n\n\n\n<p>A C\u00e2mara de Bauru tentou justificar os dispositivos argumentando que &#8220;todas as Constitui\u00e7\u00f5es brasileiras, exceto as de 1891 e 1937, invocaram a prote\u00e7\u00e3o de Deus quando foram promulgadas&#8221;.<\/p>\n\n\n\n<p>Al\u00e9m disso, a Casa destacou que &#8220;n\u00e3o se trata de ado\u00e7\u00e3o de ideologia ou corrente religiosa em detrimento de outra, mas sim de uma manifesta\u00e7\u00e3o hist\u00f3rico-cultural de uma f\u00e9 em Deus gen\u00e9rica e abstratamente considerada&#8221;.<\/p>\n","protected":false},"excerpt":{"rendered":"<p>O \u00d3rg\u00e3o Especial do Tribunal de Justi\u00e7a de S\u00e3o Paulo (TJ-SP) decidiu que a pr\u00e1tica de fazer a&nbsp;leitura da B\u00edblia&nbsp;e usar a frase &#8220;sob a prote\u00e7\u00e3o de Deus&#8221; na abertura das sess\u00f5es da C\u00e2mara Municipal de Bauru (SP) \u00e9 inconstitucional. Como resultado, essa tradi\u00e7\u00e3o n\u00e3o dever\u00e1 mais ser seguida no in\u00edcio das atividades legislativas do [&hellip;]<\/p>\n","protected":false},"author":2,"featured_media":19108,"comment_status":"open","ping_status":"open","sticky":false,"template":"","format":"standard","meta":[],"categories":[10],"tags":[],"_links":{"self":[{"href":"https:\/\/dgospel.com.br\/portal\/index.php\/wp-json\/wp\/v2\/posts\/19107"}],"collection":[{"href":"https:\/\/dgospel.com.br\/portal\/index.php\/wp-json\/wp\/v2\/posts"}],"about":[{"href":"https:\/\/dgospel.com.br\/portal\/index.php\/wp-json\/wp\/v2\/types\/post"}],"author":[{"embeddable":true,"href":"https:\/\/dgospel.com.br\/portal\/index.php\/wp-json\/wp\/v2\/users\/2"}],"replies":[{"embeddable":true,"href":"https:\/\/dgospel.com.br\/portal\/index.php\/wp-json\/wp\/v2\/comments?post=19107"}],"version-history":[{"count":1,"href":"https:\/\/dgospel.com.br\/portal\/index.php\/wp-json\/wp\/v2\/posts\/19107\/revisions"}],"predecessor-version":[{"id":19109,"href":"https:\/\/dgospel.com.br\/portal\/index.php\/wp-json\/wp\/v2\/posts\/19107\/revisions\/19109"}],"wp:featuredmedia":[{"embeddable":true,"href":"https:\/\/dgospel.com.br\/portal\/index.php\/wp-json\/wp\/v2\/media\/19108"}],"wp:attachment":[{"href":"https:\/\/dgospel.com.br\/portal\/index.php\/wp-json\/wp\/v2\/media?parent=19107"}],"wp:term":[{"taxonomy":"category","embeddable":true,"href":"https:\/\/dgospel.com.br\/portal\/index.php\/wp-json\/wp\/v2\/categories?post=19107"},{"taxonomy":"post_tag","embeddable":true,"href":"https:\/\/dgospel.com.br\/portal\/index.php\/wp-json\/wp\/v2\/tags?post=19107"}],"curies":[{"name":"wp","href":"https:\/\/api.w.org\/{rel}","templated":true}]}}