{"id":19113,"date":"2024-04-22T15:56:20","date_gmt":"2024-04-22T18:56:20","guid":{"rendered":"https:\/\/dgospel.com.br\/portal\/?p=19113"},"modified":"2024-04-22T15:56:21","modified_gmt":"2024-04-22T18:56:21","slug":"suprema-corte-da-finlandia-ira-julgar-deputada-crista-pela-terceira-vez-por-causa-de-um-tuite-sobre-a-biblia","status":"publish","type":"post","link":"https:\/\/dgospel.com.br\/portal\/index.php\/2024\/04\/22\/suprema-corte-da-finlandia-ira-julgar-deputada-crista-pela-terceira-vez-por-causa-de-um-tuite-sobre-a-biblia\/","title":{"rendered":"Suprema Corte da Finl\u00e2ndia ir\u00e1 julgar deputada crist\u00e3 pela terceira vez por causa de um tu\u00edte sobre a B\u00edblia"},"content":{"rendered":"\n<p>A Suprema Corte da Finl\u00e2ndia confirmou na sexta-feira que a&nbsp;<strong><a href=\"https:\/\/folhagospel.com\/justica-absolve-parlamentar-crista-acusada-de-crime-de-odio-por-tuitar-a-biblia-contra-o-orgulho-lgbt\/\" target=\"_blank\" rel=\"noreferrer noopener\">parlamentar finlandesa P\u00e4ivi R\u00e4s\u00e4nen<\/a><\/strong>&nbsp;ser\u00e1 julgada pela terceira vez por causa de seu tweet de cinco anos sobre um vers\u00edculo b\u00edblico que criticou a Igreja Luterana Finlandesa por promover o \u201cm\u00eas do orgulho\u201d LGBT.<\/p>\n\n\n\n<p>R\u00e4s\u00e4nen, que liderou o Partido Democrata Crist\u00e3o da Finl\u00e2ndia de 2004 a 2015 e atuou como ministra do Interior do pa\u00eds de 2011 a 2015, est\u00e1 sendo arrastada para o tribunal novamente, apesar de ter sido absolvida duas vezes por tribunais inferiores por acusa\u00e7\u00f5es de crime de \u00f3dio, de acordo com uma declara\u00e7\u00e3o dos advogados da Alliance Defending Freedom (ADF) International.<\/p>\n\n\n\n<p>A pol\u00edcia come\u00e7ou a investigar a av\u00f3 de 11 filhos logo ap\u00f3s seu tweet de 2019, no qual ela publicou uma foto do livro de Romanos e questionou como a Igreja Luterana Finlandesa poderia concordar com a \u201cvergonha e o pecado\u201d sendo apresentados como \u201cuma quest\u00e3o de orgulho\u201d.<\/p>\n\n\n\n<p>Os investigadores tamb\u00e9m desenterraram um panfleto que ela publicou em 2004 com o bispo Juhana Pohjola, da Diocese da Miss\u00e3o Evang\u00e9lica Luterana da Finl\u00e2ndia, intitulado \u201cMasculino e Feminino Ele os criou: as rela\u00e7\u00f5es homossexuais desafiam o conceito crist\u00e3o de humanidade\u201d.<\/p>\n\n\n\n<p>Em abril de 2021, depois de submet\u00ea-la a 13 horas de interrogat\u00f3rio durante v\u00e1rios meses, o procurador-geral da Finl\u00e2ndia usou o tu\u00edte, o panfleto e uma entrevista de r\u00e1dio de R\u00e4s\u00e4nen para acus\u00e1-la de tr\u00eas acusa\u00e7\u00f5es de \u201cagita\u00e7\u00e3o contra um grupo minorit\u00e1rio\u201d, que se enquadra na se\u00e7\u00e3o de \u201ccrimes de guerra e crimes contra a humanidade\u201d da lei finlandesa.<\/p>\n\n\n\n<p>Pohjola tamb\u00e9m foi acusada por ter publicado o panfleto de R\u00e4s\u00e4nen h\u00e1 duas d\u00e9cadas.<\/p>\n\n\n\n<p>O Tribunal de Apela\u00e7\u00e3o de Helsinque absolveu R\u00e4s\u00e4nen e Pohjola por unanimidade em novembro, ap\u00f3s uma absolvi\u00e7\u00e3o semelhante pelo Tribunal Distrital de Helsinque, composto por tr\u00eas ju\u00edzes, em mar\u00e7o de 2022.<\/p>\n\n\n\n<p>O promotor p\u00fablico est\u00e1 recorrendo da absolvi\u00e7\u00e3o pela terceira vez em duas das acusa\u00e7\u00f5es, exigindo que os dois enfrentem dezenas de milhares de euros em multas e que seu trabalho seja censurado. A pr\u00f3xima data do tribunal de R\u00e4s\u00e4nen ainda n\u00e3o foi determinada.<\/p>\n\n\n\n<p>A situa\u00e7\u00e3o atraiu a aten\u00e7\u00e3o da m\u00eddia internacional e provocou a indigna\u00e7\u00e3o de especialistas em direitos humanos.<\/p>\n\n\n\n<p>\u201cNo meu caso, a investiga\u00e7\u00e3o durou quase cinco anos, envolveu acusa\u00e7\u00f5es falsas, v\u00e1rios interrogat\u00f3rios policiais longos, totalizando mais de 13 horas, preparativos para audi\u00eancias judiciais, a audi\u00eancia no Tribunal Distrital e uma audi\u00eancia no Tribunal de Apela\u00e7\u00e3o\u201d, disse R\u00e4s\u00e4nen em um comunicado.<\/p>\n\n\n\n<p>\u201cN\u00e3o se tratava apenas de minhas opini\u00f5es, mas da liberdade de express\u00e3o de todos. Espero que, com a decis\u00e3o da Suprema Corte, outros n\u00e3o tenham que passar pela mesma prova\u00e7\u00e3o. Considero um privil\u00e9gio e uma honra defender a liberdade de express\u00e3o, que \u00e9 um direito fundamental em um estado democr\u00e1tico\u201d, acrescentou.<\/p>\n\n\n\n<p>Paul Coleman, diretor executivo da ADF International, comparou o caso de R\u00e4s\u00e4nen a algo da Idade M\u00e9dia e alertou sobre a \u201ccensura crescente\u201d que aflige as na\u00e7\u00f5es historicamente livres da Europa.<\/p>\n\n\n\n<p>\u201cEm uma na\u00e7\u00e3o ocidental democr\u00e1tica em 2024, ningu\u00e9m deveria estar sendo julgado por sua f\u00e9 \u2013 no entanto, ao longo da acusa\u00e7\u00e3o de P\u00e4ivi R\u00e4s\u00e4nen e do Bispo Pohjola, vimos algo semelhante a um julgamento de \u2018heresia\u2019, em que os crist\u00e3os s\u00e3o arrastados pelo tribunal por terem cren\u00e7as que diferem da ortodoxia aprovada da \u00e9poca\u201d, disse Coleman.<\/p>\n\n\n\n<p>A persist\u00eancia do Estado em perseguir R\u00e4s\u00e4nen e Pohjola por quase meia d\u00e9cada, apesar das v\u00e1rias absolvi\u00e7\u00f5es, \u00e9 \u201calarmante\u201d, disse Coleman, temendo que \u201co processo seja a puni\u00e7\u00e3o em tais casos, resultando em um esfriamento da liberdade de express\u00e3o para todos os cidad\u00e3os que observam\u201d.<\/p>\n\n\n\n<p>\u201cO direito deles de falar livremente \u00e9 o direito de todos de falar livremente\u201d, acrescentou.<\/p>\n\n\n\n<p>Nos \u00faltimos anos, os governos europeus t\u00eam se restringido cada vez mais a discursos que criticam a homossexualidade.<\/p>\n\n\n\n<p>No in\u00edcio deste m\u00eas, a ministra da igualdade de g\u00eanero da Fran\u00e7a, Aurore Berg\u00e9, pediu a acusa\u00e7\u00e3o do padre Matthieu Raffray, um padre cat\u00f3lico romano que atraiu a ira do Estado por descrever as inclina\u00e7\u00f5es homossexuais como \u201cuma fraqueza\u201d que deve ser combatida como qualquer outro pecado.<\/p>\n\n\n\n<p>Em Malta, Matthew Grech enfrentou acusa\u00e7\u00f5es criminais de acordo com a proibi\u00e7\u00e3o da terapia de convers\u00e3o do pa\u00eds no ano passado por dar seu testemunho crist\u00e3o sobre deixar um estilo de vida homossexual em um programa de r\u00e1dio. Os apresentadores de r\u00e1dio que lhe deram uma plataforma tamb\u00e9m foram acusados.<\/p>\n\n\n\n<p>Falando sobre a proposta de legisla\u00e7\u00e3o contra o discurso de \u00f3dio na Irlanda que se aplicaria \u00e0 orienta\u00e7\u00e3o sexual, a CEO da ADF, Kristen Waggoner, disse ao The Christian Post em dezembro que sua organiza\u00e7\u00e3o percebe \u201cuma tend\u00eancia global \u00e0 censura\u201d.<\/p>\n\n\n\n<p>\u201cE n\u00e3o se trata apenas de um desrespeito \u00e0 liberdade de express\u00e3o; \u00e9 um alvo ativo para silenciar o discurso do governo\u201d, disse ela, acrescentando que os Estados Unidos n\u00e3o est\u00e3o imunes a essas tend\u00eancias, apesar da Constitui\u00e7\u00e3o dos EUA.<\/p>\n\n\n\n<p><strong>Informa\u00e7\u00f5es: The Christian Post<\/strong><\/p>\n","protected":false},"excerpt":{"rendered":"<p>A Suprema Corte da Finl\u00e2ndia confirmou na sexta-feira que a&nbsp;parlamentar finlandesa P\u00e4ivi R\u00e4s\u00e4nen&nbsp;ser\u00e1 julgada pela terceira vez por causa de seu tweet de cinco anos sobre um vers\u00edculo b\u00edblico que criticou a Igreja Luterana Finlandesa por promover o \u201cm\u00eas do orgulho\u201d LGBT. R\u00e4s\u00e4nen, que liderou o Partido Democrata Crist\u00e3o da Finl\u00e2ndia de 2004 a 2015 [&hellip;]<\/p>\n","protected":false},"author":2,"featured_media":19114,"comment_status":"open","ping_status":"open","sticky":false,"template":"","format":"standard","meta":[],"categories":[12,16],"tags":[],"_links":{"self":[{"href":"https:\/\/dgospel.com.br\/portal\/index.php\/wp-json\/wp\/v2\/posts\/19113"}],"collection":[{"href":"https:\/\/dgospel.com.br\/portal\/index.php\/wp-json\/wp\/v2\/posts"}],"about":[{"href":"https:\/\/dgospel.com.br\/portal\/index.php\/wp-json\/wp\/v2\/types\/post"}],"author":[{"embeddable":true,"href":"https:\/\/dgospel.com.br\/portal\/index.php\/wp-json\/wp\/v2\/users\/2"}],"replies":[{"embeddable":true,"href":"https:\/\/dgospel.com.br\/portal\/index.php\/wp-json\/wp\/v2\/comments?post=19113"}],"version-history":[{"count":1,"href":"https:\/\/dgospel.com.br\/portal\/index.php\/wp-json\/wp\/v2\/posts\/19113\/revisions"}],"predecessor-version":[{"id":19115,"href":"https:\/\/dgospel.com.br\/portal\/index.php\/wp-json\/wp\/v2\/posts\/19113\/revisions\/19115"}],"wp:featuredmedia":[{"embeddable":true,"href":"https:\/\/dgospel.com.br\/portal\/index.php\/wp-json\/wp\/v2\/media\/19114"}],"wp:attachment":[{"href":"https:\/\/dgospel.com.br\/portal\/index.php\/wp-json\/wp\/v2\/media?parent=19113"}],"wp:term":[{"taxonomy":"category","embeddable":true,"href":"https:\/\/dgospel.com.br\/portal\/index.php\/wp-json\/wp\/v2\/categories?post=19113"},{"taxonomy":"post_tag","embeddable":true,"href":"https:\/\/dgospel.com.br\/portal\/index.php\/wp-json\/wp\/v2\/tags?post=19113"}],"curies":[{"name":"wp","href":"https:\/\/api.w.org\/{rel}","templated":true}]}}