{"id":19119,"date":"2024-04-22T16:09:15","date_gmt":"2024-04-22T19:09:15","guid":{"rendered":"https:\/\/dgospel.com.br\/portal\/?p=19119"},"modified":"2024-04-24T22:33:29","modified_gmt":"2024-04-25T01:33:29","slug":"governo-do-tocantins-orienta-gestores-sobre-servicos-regionalizados-de-acolhimento-em-familia-acolhedora","status":"publish","type":"post","link":"https:\/\/dgospel.com.br\/portal\/index.php\/2024\/04\/22\/governo-do-tocantins-orienta-gestores-sobre-servicos-regionalizados-de-acolhimento-em-familia-acolhedora\/","title":{"rendered":"Governo do Tocantins orienta gestores sobre Servi\u00e7os Regionalizados de Acolhimento em Fam\u00edlia Acolhedora"},"content":{"rendered":"\n<p>Com proposta de orientar sobre o Servi\u00e7o Regionalizado de Acolhimento em Fam\u00edlia Acolhedora para Crian\u00e7as e Adolescentes, o Governo do Tocantins, por meio da equipe t\u00e9cnica do Servi\u00e7o da Secretaria de Estado do Trabalho e Desenvolvimento Social (Setas), com sede em Xambio\u00e1, iniciou, na \u00faltima semana, as reuni\u00f5es com gestores e rede municipal dos munic\u00edpios vinculados para divulga\u00e7\u00e3o do Servi\u00e7o e capta\u00e7\u00e3o de fam\u00edlias acolhedoras.<\/p>\n\n\n\n<p>De acordo com a gerente de Prote\u00e7\u00e3o Social Especial da Setas, Ruth da Silva Sampaio, a ideia \u00e9 divulgar o Servi\u00e7o e orientar a rede de servi\u00e7os e a popula\u00e7\u00e3o em geral sobre a sele\u00e7\u00e3o e o cadastramento de fam\u00edlias que tenham interesse em participar do Servi\u00e7o de Fam\u00edlia Acolhedora e selecionar as que atendam as orienta\u00e7\u00f5es t\u00e9cnicas. \u201cVamos buscar fam\u00edlias que tenham interesse em participar do Servi\u00e7o e selecionar aquelas que tenham o perfil\u201d, explicou.&nbsp;<\/p>\n\n\n\n<p><strong>Reuni\u00f5es<\/strong><\/p>\n\n\n\n<p>Na \u00faltima semana, entre os dias 15 a 19, a divulga\u00e7\u00e3o foi realizada nos munic\u00edpios vinculados, pela equipe t\u00e9cnica do Servi\u00e7o com sede em Xambio\u00e1.<\/p>\n\n\n\n<p>Nos dias 7 e 8 de maio, ser\u00e1 a vez da equipe do Servi\u00e7o, com sede em Taguatinga, realizar as reuni\u00f5es, em seus munic\u00edpios vinculados, para divulga\u00e7\u00e3o do Servi\u00e7o e capta\u00e7\u00e3o de fam\u00edlias acolhedoras. J\u00e1 para a equipe do Servi\u00e7o com sede em Palmas, as reuni\u00f5es de divulga\u00e7\u00e3o ter\u00e3o in\u00edcio em 13 de maio.<\/p>\n\n\n\n<p><strong>Servi\u00e7os Regionalizados de Acolhimento em Fam\u00edlia Acolhedora para Crian\u00e7as e Adolescentes<\/strong><\/p>\n\n\n\n<p>O objetivo \u00e9 organizar o acolhimento de crian\u00e7as e adolescentes, afastados da fam\u00edlia por medida de prote\u00e7\u00e3o, em resid\u00eancia de fam\u00edlias acolhedoras cadastradas, sendo poss\u00edvel o retorno \u00e0 fam\u00edlia de origem ou, na sua impossibilidade, o encaminhamento para ado\u00e7\u00e3o.&nbsp; Al\u00e9m disso, selecionar, capacitar, cadastrar e acompanhar as fam\u00edlias acolhedoras, bem como realizar o acompanhamento da crian\u00e7a e\/ou adolescente acolhido e sua fam\u00edlia de origem.<\/p>\n\n\n\n<p>Na atualidade, temos tr\u00eas Servi\u00e7os Regionalizados de Acolhimento em Fam\u00edlia Acolhedora para Crian\u00e7as e Adolescentes, sendo um com sede em Xambio\u00e1, atendendo Anan\u00e1s, Angico, Cachoeirinha, Darcin\u00f3polis, Piraqu\u00ea, Riachinho, Wanderl\u00e2ndia e Xambio\u00e1.&nbsp;Outro com sede em Palmas, atendendo Aparecida do Rio Negro, Lagoa do Tocantins, Mateiros, Novo Acordo, Pindorama, Ponte Alta do Tocantins, Santa Tereza e S\u00e3o F\u00e9lix. E o terceiro, com sede em Taguatinga, que atende:&nbsp;Arraias, Aurora, Combinado, Lavandeiras, Novo Alegre, Paran\u00e3, Ponte Alta do Bom Jesus e Taguatinga.<\/p>\n","protected":false},"excerpt":{"rendered":"<p>Com proposta de orientar sobre o Servi\u00e7o Regionalizado de Acolhimento em Fam\u00edlia Acolhedora para Crian\u00e7as e Adolescentes, o Governo do Tocantins, por meio da equipe t\u00e9cnica do Servi\u00e7o da Secretaria de Estado do Trabalho e Desenvolvimento Social (Setas), com sede em Xambio\u00e1, iniciou, na \u00faltima semana, as reuni\u00f5es com gestores e rede municipal dos munic\u00edpios [&hellip;]<\/p>\n","protected":false},"author":2,"featured_media":19120,"comment_status":"open","ping_status":"open","sticky":false,"template":"","format":"standard","meta":[],"categories":[3],"tags":[13],"_links":{"self":[{"href":"https:\/\/dgospel.com.br\/portal\/index.php\/wp-json\/wp\/v2\/posts\/19119"}],"collection":[{"href":"https:\/\/dgospel.com.br\/portal\/index.php\/wp-json\/wp\/v2\/posts"}],"about":[{"href":"https:\/\/dgospel.com.br\/portal\/index.php\/wp-json\/wp\/v2\/types\/post"}],"author":[{"embeddable":true,"href":"https:\/\/dgospel.com.br\/portal\/index.php\/wp-json\/wp\/v2\/users\/2"}],"replies":[{"embeddable":true,"href":"https:\/\/dgospel.com.br\/portal\/index.php\/wp-json\/wp\/v2\/comments?post=19119"}],"version-history":[{"count":1,"href":"https:\/\/dgospel.com.br\/portal\/index.php\/wp-json\/wp\/v2\/posts\/19119\/revisions"}],"predecessor-version":[{"id":19121,"href":"https:\/\/dgospel.com.br\/portal\/index.php\/wp-json\/wp\/v2\/posts\/19119\/revisions\/19121"}],"wp:featuredmedia":[{"embeddable":true,"href":"https:\/\/dgospel.com.br\/portal\/index.php\/wp-json\/wp\/v2\/media\/19120"}],"wp:attachment":[{"href":"https:\/\/dgospel.com.br\/portal\/index.php\/wp-json\/wp\/v2\/media?parent=19119"}],"wp:term":[{"taxonomy":"category","embeddable":true,"href":"https:\/\/dgospel.com.br\/portal\/index.php\/wp-json\/wp\/v2\/categories?post=19119"},{"taxonomy":"post_tag","embeddable":true,"href":"https:\/\/dgospel.com.br\/portal\/index.php\/wp-json\/wp\/v2\/tags?post=19119"}],"curies":[{"name":"wp","href":"https:\/\/api.w.org\/{rel}","templated":true}]}}