{"id":1912,"date":"2018-11-22T10:32:12","date_gmt":"2018-11-22T12:32:12","guid":{"rendered":"http:\/\/dgospel.com.br\/portal\/?p=1912"},"modified":"2018-11-22T10:32:12","modified_gmt":"2018-11-22T12:32:12","slug":"mauro-carlesse-recebe-empresario-interessado-em-investir-em-melhoramento-genetico-de-peixes","status":"publish","type":"post","link":"https:\/\/dgospel.com.br\/portal\/index.php\/2018\/11\/22\/mauro-carlesse-recebe-empresario-interessado-em-investir-em-melhoramento-genetico-de-peixes\/","title":{"rendered":"Mauro Carlesse recebe empres\u00e1rio interessado em investir em melhoramento gen\u00e9tico de peixes"},"content":{"rendered":"<p>O governador Mauro Carlesse recebeu na manh\u00e3 desta quarta-feira, 21, o executivo da empresa alem\u00e3 Genomar, Alejandro Tola Alvarez. Acompanhado da prefeita de Brejinho de Nazar\u00e9, Miyuki Hiashida, o empres\u00e1rio veio ao Pal\u00e1cio Araguaia apresentar ao governador projeto para investimento no desenvolvimento gen\u00e9tico de peixes da esp\u00e9cie til\u00e1pia e produ\u00e7\u00e3o de alevinos na regi\u00e3o central do Tocantins. A expectativa \u00e9 de um investimento de tr\u00eas milh\u00f5es de d\u00f3lares e a gera\u00e7\u00e3o de cerca de 30 empregos diretos.<\/p>\n<p>Alejandro explicou que esse projeto prev\u00ea a implanta\u00e7\u00e3o de um centro de refer\u00eancia latino americano para melhorar gen\u00e9tica da esp\u00e9cie til\u00e1pia e significa atrair as \u00faltimas tecnologias na \u00e1rea para o Tocantins. O empres\u00e1rio disse que a op\u00e7\u00e3o pelo Tocantins se deve \u00e0s caracter\u00edsticas clim\u00e1ticas, que permitem a reprodu\u00e7\u00e3o da esp\u00e9cie durante todo o ano, o acesso f\u00e1cil a fontes de \u00e1gua de \u00f3tima qualidade, aliado \u00e0 presen\u00e7a da Embrapa Pesca e Aquicutura instalada em Palmas, al\u00e9m do grande potencial do Tocantins como produtor no Brasil.<\/p>\n<p>\u201cO mais importante para n\u00f3s agora \u00e9 um marco regulat\u00f3rio est\u00e1vel, al\u00e9m de autoriza\u00e7\u00e3o federal para importa\u00e7\u00e3o de nossas linhas que temos na \u00c1sia, e que contam com mais de 20 anos de melhoramento. A ideia \u00e9 importar essas linhas para a nossa unidade do Tocantins e prosseguir esse processo de melhoria da gen\u00e9tica para ajust\u00e1-las \u00e0s necessidades do setor brasileiro\u201d, explicou Alejandro, destacando a receptividade do governador ao projeto. \u201cEle se disponibilizou a nos apoiar na implementa\u00e7\u00e3o desse projeto. Ent\u00e3o eu vou embora convencido de que o Tocantins \u00e9 o lugar certo para realizar esse investimento\u201d, sustentou.<\/p>\n<p>Mauro Carlesse disse que o governo do estado est\u00e1 pronto para apoiar as empresas que queiram se instalar no Tocantins e explicou que o Tocantins \u00e9 estrat\u00e9gico. \u201cO Tocantins \u00e9 um estado estrat\u00e9gico para os investidores, contamos com clima, solo e \u00e1gua de qualidade em abund\u00e2ncia e contamos com uma log\u00edstica privilegiada que tornam o Estado bastante atraente para os investidores. Queremos atrair empresas para gerar emprego e renda para que o Estado deixe de ser o principal empregador\u201d, pontuou.<\/p>\n<p>A prefeita Miyuki falou sobre o projeto e explicou que a implanta\u00e7\u00e3o dessa empresa significa alavancar uma cadeia produtiva que est\u00e1 adormecida h\u00e1 anos. \u201c\u00c1gua em abund\u00e2ncia e clima prop\u00edcio todos j\u00e1 sabem que temos, o que falta \u00e9 incentivo e o governador \u00e9 um empreendedor e entende o projeto como uma cadeia priorit\u00e1ria mesmo e se colocou \u00e0 disposi\u00e7\u00e3o para ajudar no que for poss\u00edvel,\u00a0 para promover pol\u00edticas p\u00fablicas de incentivo ao setor\u201d, disse.<\/p>\n<p>Participaram da audi\u00eancia o vice-governador Wanderlei Barbosa; o secret\u00e1rio de Estado da Fazenda e Planejamento, Sandro Henrique Armando; e o secret\u00e1rio Extraordin\u00e1rio de Assuntos Parlamentares, Jos\u00e9 Humberto.<\/p>\n","protected":false},"excerpt":{"rendered":"<p>O governador Mauro Carlesse recebeu na manh\u00e3 desta quarta-feira, 21, o executivo da empresa alem\u00e3 Genomar, Alejandro Tola Alvarez. Acompanhado da prefeita de Brejinho de Nazar\u00e9, Miyuki Hiashida, o empres\u00e1rio veio ao Pal\u00e1cio Araguaia apresentar ao governador projeto para investimento no desenvolvimento gen\u00e9tico de peixes da esp\u00e9cie til\u00e1pia e produ\u00e7\u00e3o de alevinos na regi\u00e3o central [&hellip;]<\/p>\n","protected":false},"author":2,"featured_media":1913,"comment_status":"open","ping_status":"open","sticky":false,"template":"","format":"standard","meta":[],"categories":[2,3],"tags":[],"_links":{"self":[{"href":"https:\/\/dgospel.com.br\/portal\/index.php\/wp-json\/wp\/v2\/posts\/1912"}],"collection":[{"href":"https:\/\/dgospel.com.br\/portal\/index.php\/wp-json\/wp\/v2\/posts"}],"about":[{"href":"https:\/\/dgospel.com.br\/portal\/index.php\/wp-json\/wp\/v2\/types\/post"}],"author":[{"embeddable":true,"href":"https:\/\/dgospel.com.br\/portal\/index.php\/wp-json\/wp\/v2\/users\/2"}],"replies":[{"embeddable":true,"href":"https:\/\/dgospel.com.br\/portal\/index.php\/wp-json\/wp\/v2\/comments?post=1912"}],"version-history":[{"count":1,"href":"https:\/\/dgospel.com.br\/portal\/index.php\/wp-json\/wp\/v2\/posts\/1912\/revisions"}],"predecessor-version":[{"id":1914,"href":"https:\/\/dgospel.com.br\/portal\/index.php\/wp-json\/wp\/v2\/posts\/1912\/revisions\/1914"}],"wp:featuredmedia":[{"embeddable":true,"href":"https:\/\/dgospel.com.br\/portal\/index.php\/wp-json\/wp\/v2\/media\/1913"}],"wp:attachment":[{"href":"https:\/\/dgospel.com.br\/portal\/index.php\/wp-json\/wp\/v2\/media?parent=1912"}],"wp:term":[{"taxonomy":"category","embeddable":true,"href":"https:\/\/dgospel.com.br\/portal\/index.php\/wp-json\/wp\/v2\/categories?post=1912"},{"taxonomy":"post_tag","embeddable":true,"href":"https:\/\/dgospel.com.br\/portal\/index.php\/wp-json\/wp\/v2\/tags?post=1912"}],"curies":[{"name":"wp","href":"https:\/\/api.w.org\/{rel}","templated":true}]}}