{"id":19122,"date":"2024-04-22T16:12:08","date_gmt":"2024-04-22T19:12:08","guid":{"rendered":"https:\/\/dgospel.com.br\/portal\/?p=19122"},"modified":"2024-04-24T22:33:08","modified_gmt":"2024-04-25T01:33:08","slug":"wanderlei-barbosa-entrega-medalhas-condecorativas-em-homenagem-ao-dia-da-policia-civil","status":"publish","type":"post","link":"https:\/\/dgospel.com.br\/portal\/index.php\/2024\/04\/22\/wanderlei-barbosa-entrega-medalhas-condecorativas-em-homenagem-ao-dia-da-policia-civil\/","title":{"rendered":"Wanderlei Barbosa entrega Medalhas Condecorativas em homenagem ao Dia da Pol\u00edcia Civil"},"content":{"rendered":"\n<p>Em evento especial em alus\u00e3o ao Dia do Policial Civil, comemorado anualmente no dia 21 de abril, o governador do Tocantins, Wanderlei Barbosa; e o secret\u00e1rio de Estado da Seguran\u00e7a P\u00fablica,&nbsp;Wlademir Mota Oliveira, homenagearam nesta segunda-feira, 22, personalidades e servidores que se destacaram em suas fun\u00e7\u00f5es dentro da Pol\u00edcia Civil. Ao todo, foram 41 policiais civis homenageados com as medalhas de Bravura da Pol\u00edcia Civil &#8211; Escriv\u00e3o Jos\u00e9 Bonfim Nazareno Ribeiro e a medalha de M\u00e9rito Policial Civil &#8211; Eus\u00e9bio de Queir\u00f3s, al\u00e9m de mais tr\u00eas condecora\u00e7\u00f5es p\u00f3stumas.<\/p>\n\n\n\n<p>No in\u00edcio do seu discurso, Wanderlei Barbosa parabenizou delegados, agentes, papiloscopistas, m\u00e9dicos legistas, escriv\u00e3es, dentre outros cargos que comp\u00f5em a Secretaria de Estado da Seguran\u00e7a P\u00fablica (SSP\/TO), e falou do trabalho incans\u00e1vel da Corpora\u00e7\u00e3o no combate ao crime em todo o territ\u00f3rio estadual. \u201cQuando tivemos uma onda de viol\u00eancia na Capital, imediatamente, deliberei com o secret\u00e1rio Wlademir Mota, que convocou todo o comando da Pol\u00edcia civil e outras for\u00e7as de Seguran\u00e7a, para um trabalho de integra\u00e7\u00e3o. A Pol\u00edcia Civil foi fundamental para fazer as devidas investiga\u00e7\u00f5es e, com ajuda de cada um de voc\u00eas, a seguran\u00e7a p\u00fablica do Estado conseguiu reduzir a criminalidade\u201d, completou.&nbsp;<\/p>\n\n\n\n<p>Para o vice-governador Laurez Moreira, tamb\u00e9m presente no evento, as a\u00e7\u00f5es da Pol\u00edcia Civil tocantinense v\u00eam ajudando o estado do Tocantins a manter um cen\u00e1rio de tranquilidade e, concomitantemente, ser competitivo para novos investidores, j\u00e1 que o empresariado busca investir nos locais em que se sente seguro. \u201cEsta institui\u00e7\u00e3o tem um valor muito importante para a sociedade. Sempre digo que a seguran\u00e7a p\u00fablica \u00e9 uma das atividades mais relevantes na esfera p\u00fablica. N\u00e3o existe Estado sem a seguran\u00e7a p\u00fablica. E \u00e9 fundamental que homenageemos a nossa Pol\u00edcia Civil, principalmente quando se fala em investiga\u00e7\u00f5es, evitando tantos e tantos crimes. A investiga\u00e7\u00e3o ajuda o Minist\u00e9rio P\u00fablico, o Poder Judici\u00e1rio e \u00e9 vital para a seguran\u00e7a de um estado\u201d, expressou Laurez Moreira.<\/p>\n\n\n\n<p>J\u00e1 o secret\u00e1rio de Estado da Seguran\u00e7a P\u00fablica, Wlademir Mota Oliveira, se pronunciou em agradecimento a todos os servidores da pasta que chefia. \u201cH\u00e1 dois anos, quando assumimos, encontramos uma Pol\u00edcia Civil desmotivada, sem rumo. Hoje, entendemos a necessidade do reconhecimento daqueles que trabalham diuturnamente para fazer a seguran\u00e7a da nossa popula\u00e7\u00e3o. Sabemos que os n\u00fameros aqui s\u00e3o expressivos. Mas, esses n\u00fameros s\u00f3 t\u00eam resultados, gra\u00e7as a cada um dos senhores que saem de suas casas para as delegacias, para os plant\u00f5es, para os locais de crimes, fazendo buscas e apreens\u00f5es. Colocando suas vidas em risco. Voc\u00eas s\u00e3o o presente e tamb\u00e9m o futuro da nossa sociedade, para que possamos viver em paz e harmonia\u201d, conferiu o secret\u00e1rio.<\/p>\n\n\n\n<p><strong>Medalhas condecorativas<\/strong><\/p>\n\n\n\n<p>O Brasil comemora, no dia 21 de abril, o Dia de Tiradentes, her\u00f3i nacional que foi um dos precursores da independ\u00eancia do Brasil. Nesta data, tamb\u00e9m se celebra o Dia da Pol\u00edcia Civil e o Dia da Pol\u00edcia Militar. A data foi institu\u00edda em 1946 em mem\u00f3ria a Joaquim Jos\u00e9 da Silva Xavier, o Tiradentes, considerado o Patrono desses profissionais. Comemorando essa data, a SSP\/TO condecorou servidores do \u00f3rg\u00e3o, em evento no audit\u00f3rio do Pal\u00e1cio Araguaia Governador Jos\u00e9 Wilson Siqueira Campos, com medalhas de Bravura da Pol\u00edcia Civil &#8211; escriv\u00e3o Jos\u00e9 Bonfim Nazareno Ribeiro e a medalha de M\u00e9rito Policial Civil &#8211; Eus\u00e9bio de Queir\u00f3s.<\/p>\n\n\n\n<p>O delegado-chefe da 2\u00aa Divis\u00e3o Especializada de Repress\u00e3o a Narc\u00f3ticos (Denarc) Aragua\u00edna e da 3\u00aa Divis\u00e3o Especializada de Repress\u00e3o ao Crime Organizado, Jos\u00e9 Anchieta de Menezes Filho, foi um desses homenageados. \u201cAqui, vimos um reconhecimento muito v\u00e1lido, porque normalmente s\u00e3o profissionais que se dedicam bastante e acabam n\u00e3o sendo lembrados nesses momentos. Todos os policiais civis s\u00e3o profissionais muito dedicados. Por isso, nos sentimos honrados com essa homenagem\u201d, manifestou o delegado ap\u00f3s receber a medalha M\u00e9rito Policial Civil &#8211; Eus\u00e9bio de Queir\u00f3s.<\/p>\n\n\n\n<p>Durante a cerim\u00f4nia, tamb\u00e9m ocorreu a entrega de certificados aos formandos do 1\u00b0 Curso de Instrutor de Armamento e Tiro (Ciat) &#8211; Padroniza\u00e7\u00e3o Acadepol, que qualificou dez policiais civis que comp\u00f5em o Grupo de Opera\u00e7\u00f5es T\u00e1ticas Especiais (Gote).<\/p>\n\n\n\n<p>&nbsp;<strong>Redu\u00e7\u00e3o da criminalidade<\/strong><\/p>\n\n\n\n<p>Ainda, o Governo do Tocantins apresentou n\u00fameros expressivos em rela\u00e7\u00e3o ao trabalho das For\u00e7as de Seguran\u00e7a do Estado contra o crime no ano de 2023 em compara\u00e7\u00e3o ao ano de 2022. Da quantidade de drogas apreendidas, foram 966 kg que deixaram de circular, quando em 2022 foram 647 kg; armas apreendidas foram 1.260 em 2023, ao passo que em 2022 foram 990; pris\u00f5es realizadas em 2023 foram 7.582 e 5.528 em 2022, e pris\u00f5es por viol\u00eancia dom\u00e9stica saltaram de 1.128 (2022) para 1.679 (2023).&nbsp;J\u00e1 os crimes tiveram redu\u00e7\u00f5es. Furto caiu de 15.439 (2022) para 13.290 (2023); roubo de 4.059 (2022) para 2.497 (2023); homic\u00eddio 362 (2022) para 328 (2023);&nbsp;e latroc\u00ednio de 18 (2022) para 16 (2023).<\/p>\n\n\n\n<p>Participaram do evento o delegado da Receita Federal no Tocantins, Ricardo Wagner; o comandante do 22\u00b0 Batalh\u00e3o de Infantaria, coronel Edmur Benites Ramos; o capit\u00e3o dos Portos do Araguaia-Tocantins, comandante Guilherme Oliveira Chagas; o superintendente Regional substituto de Pol\u00edcia Federal no Tocantins, Max Eduardo Alves; o secret\u00e1rio de Estado da Cidadania e Justi\u00e7a (Seciju), Deusiano Amorim, e deputados estaduais.&nbsp;<\/p>\n\n\n\n<p><img src=\"https:\/\/central.to.gov.br\/image\/373877?w=670&amp;h=383\"><\/p>\n\n\n\n<p>O governador Wanderlei Barbosa, o vice-governador Laurez Moreira e o secret\u00e1rio de Seguran\u00e7a P\u00fablica, Wlademir Mota Oliveira, prestigiaram os servidores destacados da Pol\u00edcia Civil &#8211; Ant\u00f4nio Gon\u00e7alves\/Governo do Tocantins&nbsp;<a href=\"https:\/\/central.to.gov.br\/image\/373877?f=1\" target=\"_blank\" rel=\"noreferrer noopener\"><em>file_download<\/em><\/a><\/p>\n\n\n\n<p><img src=\"https:\/\/central.to.gov.br\/image\/373878?w=670&amp;h=383\"><\/p>\n\n\n\n<p>No in\u00edcio do seu discurso, Wanderlei Barbosa parabenizou delegados, agentes, papiloscopistas, m\u00e9dicos legistas, escriv\u00e3es, dentre outros cargos que comp\u00f5em a SSP\/TO &#8211; Adilvan Nogueira\/Governo do Tocantins&nbsp;<a href=\"https:\/\/central.to.gov.br\/image\/373878?f=1\" target=\"_blank\" rel=\"noreferrer noopener\"><em>file_download<\/em><\/a><\/p>\n\n\n\n<p><img src=\"https:\/\/central.to.gov.br\/image\/373876?w=670&amp;h=383\"><\/p>\n\n\n\n<p>O vice-governador Laurez Moreira destacou a import\u00e2ncia crucial da investiga\u00e7\u00e3o para a seguran\u00e7a do Estado &#8211; Adilvan Nogueira\/Governo do Tocantins&nbsp;<a href=\"https:\/\/central.to.gov.br\/image\/373876?f=1\" target=\"_blank\" rel=\"noreferrer noopener\"><em>file_download<\/em><\/a><\/p>\n\n\n\n<p><img src=\"https:\/\/central.to.gov.br\/image\/373875?w=670&amp;h=383\"><\/p>\n\n\n\n<p>Em meio a homenagens, o secret\u00e1rio Wlademir Mota Oliveira expressou sua gratid\u00e3o aos dedicados servidores da Seguran\u00e7a P\u00fablica &#8211; Adilvan Nogueira\/Governo do Tocantins&nbsp;<a href=\"https:\/\/central.to.gov.br\/image\/373875?f=1\" target=\"_blank\" rel=\"noreferrer noopener\"><em>file_download<\/em><\/a><\/p>\n\n\n\n<p><img src=\"https:\/\/central.to.gov.br\/image\/373873?w=670&amp;h=383\"><\/p>\n\n\n\n<p>Medalhas de bravura e m\u00e9rito foram entregues pelo governador Wanderlei Barbosa em reconhecimento aos bravos policiais civis do Tocantins &#8211; Ant\u00f4nio Gon\u00e7alves\/Governo do Tocantins&nbsp;<a href=\"https:\/\/central.to.gov.br\/image\/373873?f=1\" target=\"_blank\" rel=\"noreferrer noopener\"><em>file_download<\/em><\/a><\/p>\n\n\n\n<p><img src=\"https:\/\/central.to.gov.br\/image\/373869?w=670&amp;h=383\"><\/p>\n\n\n\n<p>O Governo do Tocantins ressaltou a redu\u00e7\u00e3o da criminalidade em 2023, fruto do trabalho conjunto das for\u00e7as de seguran\u00e7a &#8211; Ant\u00f4nio Gon\u00e7alves\/Governo do Tocantins&nbsp;<a href=\"https:\/\/central.to.gov.br\/image\/373869?f=1\" target=\"_blank\" rel=\"noreferrer noopener\"><em>file_download<\/em><\/a><\/p>\n\n\n\n<p><img src=\"https:\/\/central.to.gov.br\/image\/373872?w=670&amp;h=383\"><\/p>\n\n\n\n<p>O delegado chefe da 2\u00aa Divis\u00e3o Especializada de Repress\u00e3o a Narc\u00f3ticos (DENARC &#8211; Aragua\u00edna) e 3\u00aa Divis\u00e3o Especializada de Repress\u00e3o ao Crime Organizado, Jos\u00e9 Anchieta de Menezes Filho, foi um dos homenageados &#8211; Adilvan Nogueira\/Governo do Tocantins&nbsp;<a href=\"https:\/\/central.to.gov.br\/image\/373872?f=1\" target=\"_blank\" rel=\"noreferrer noopener\"><em>file_download<\/em><\/a><\/p>\n\n\n\n<p><img src=\"https:\/\/central.to.gov.br\/image\/373870?w=670&amp;h=383\"><\/p>\n\n\n\n<p>Foram 41 policiais civis homenageados com as medalhas de Bravura da Pol\u00edcia Civil &#8211; Escriv\u00e3o Jos\u00e9 Bonfim Nazareno Ribeiro e a medalha de M\u00e9rito Policial Civil &#8211; Eus\u00e9bio de Queir\u00f3s, al\u00e9m de mais tr\u00eas condecora\u00e7\u00f5es p\u00f3stumas &#8211; Adilvan Nogueira\/Governo do Tocantins&nbsp;<a href=\"https:\/\/central.to.gov.br\/image\/373870?f=1\" target=\"_blank\" rel=\"noreferrer noopener\"><em>file_download<\/em><\/a><\/p>\n","protected":false},"excerpt":{"rendered":"<p>Em evento especial em alus\u00e3o ao Dia do Policial Civil, comemorado anualmente no dia 21 de abril, o governador do Tocantins, Wanderlei Barbosa; e o secret\u00e1rio de Estado da Seguran\u00e7a P\u00fablica,&nbsp;Wlademir Mota Oliveira, homenagearam nesta segunda-feira, 22, personalidades e servidores que se destacaram em suas fun\u00e7\u00f5es dentro da Pol\u00edcia Civil. Ao todo, foram 41 policiais [&hellip;]<\/p>\n","protected":false},"author":2,"featured_media":19123,"comment_status":"open","ping_status":"open","sticky":false,"template":"","format":"standard","meta":[],"categories":[3],"tags":[13],"_links":{"self":[{"href":"https:\/\/dgospel.com.br\/portal\/index.php\/wp-json\/wp\/v2\/posts\/19122"}],"collection":[{"href":"https:\/\/dgospel.com.br\/portal\/index.php\/wp-json\/wp\/v2\/posts"}],"about":[{"href":"https:\/\/dgospel.com.br\/portal\/index.php\/wp-json\/wp\/v2\/types\/post"}],"author":[{"embeddable":true,"href":"https:\/\/dgospel.com.br\/portal\/index.php\/wp-json\/wp\/v2\/users\/2"}],"replies":[{"embeddable":true,"href":"https:\/\/dgospel.com.br\/portal\/index.php\/wp-json\/wp\/v2\/comments?post=19122"}],"version-history":[{"count":2,"href":"https:\/\/dgospel.com.br\/portal\/index.php\/wp-json\/wp\/v2\/posts\/19122\/revisions"}],"predecessor-version":[{"id":19136,"href":"https:\/\/dgospel.com.br\/portal\/index.php\/wp-json\/wp\/v2\/posts\/19122\/revisions\/19136"}],"wp:featuredmedia":[{"embeddable":true,"href":"https:\/\/dgospel.com.br\/portal\/index.php\/wp-json\/wp\/v2\/media\/19123"}],"wp:attachment":[{"href":"https:\/\/dgospel.com.br\/portal\/index.php\/wp-json\/wp\/v2\/media?parent=19122"}],"wp:term":[{"taxonomy":"category","embeddable":true,"href":"https:\/\/dgospel.com.br\/portal\/index.php\/wp-json\/wp\/v2\/categories?post=19122"},{"taxonomy":"post_tag","embeddable":true,"href":"https:\/\/dgospel.com.br\/portal\/index.php\/wp-json\/wp\/v2\/tags?post=19122"}],"curies":[{"name":"wp","href":"https:\/\/api.w.org\/{rel}","templated":true}]}}