{"id":19125,"date":"2024-04-22T16:33:19","date_gmt":"2024-04-22T19:33:19","guid":{"rendered":"https:\/\/dgospel.com.br\/portal\/?p=19125"},"modified":"2024-04-22T16:33:21","modified_gmt":"2024-04-22T19:33:21","slug":"mais-de-250-jornalistas-ja-fugiram-da-nicaragua-nos-ultimos-6-anos","status":"publish","type":"post","link":"https:\/\/dgospel.com.br\/portal\/index.php\/2024\/04\/22\/mais-de-250-jornalistas-ja-fugiram-da-nicaragua-nos-ultimos-6-anos\/","title":{"rendered":"Mais de 250 jornalistas j\u00e1 fugiram da Nicar\u00e1gua nos \u00faltimos 6 anos"},"content":{"rendered":"\n<p>Ao menos 253 jornalistas sa\u00edram exilados da&nbsp;<a href=\"http:\/\/pleno.news\/tag\/nicaragua\" target=\"_blank\" rel=\"noreferrer noopener\">Nicar\u00e1gua<\/a>&nbsp;por raz\u00f5es de seguran\u00e7a ou foram banidos desde abril de 2018 pelo governo do ditador&nbsp;<a href=\"http:\/\/pleno.news\/tag\/daniel-ortega\" target=\"_blank\" rel=\"noreferrer noopener\">Daniel Ortega<\/a>, de acordo com um relat\u00f3rio divulgado neste domingo (21) pela ONG Colectivo de Derechos Humanos Nicar\u00e1gua Nunca M\u00e1s, com sede na Costa Rica.<\/p>\n\n\n\n<p>O relat\u00f3rio foi divulgado por ocasi\u00e3o do sexto anivers\u00e1rio da morte do jornalista \u00c1ngel Gahona, que foi baleado enquanto cobria manifesta\u00e7\u00f5es contra o governo de Ortega.<\/p>\n\n\n\n<p>\u2013 Desde 2018, pelo menos 253 jornalistas nicaraguenses deixaram a Nicar\u00e1gua devido \u00e0 persegui\u00e7\u00e3o e criminaliza\u00e7\u00e3o de seu trabalho por parte dos altos escal\u00f5es da ditadura, como [vice de Ortega] Rosario Murillo, que frequentemente os descreve como terroristas \u2013 disse a ONG, formada por ativistas nicaraguenses no ex\u00edlio.<\/p>\n\n\n\n<p>A ONG lembrou que, em setembro de 2023, o chefe do Ex\u00e9rcito nicaraguense, Julio C\u00e9sar Avil\u00e9s, tamb\u00e9m desqualificou o trabalho dos profissionais de imprensa, chamando-os de \u201cmercen\u00e1rios da informa\u00e7\u00e3o\u201d.<\/p>\n\n\n\n<p>Por sua vez, o movimento Jornalistas e Comunicadores Independentes da Nicar\u00e1gua (PCIN) disse que ao menos 56 ve\u00edculos de comunica\u00e7\u00e3o foram fechados ou confiscados pelo governo sandinista desde o in\u00edcio da crise, incluindo o influente jornal La Prensa.<\/p>\n\n\n\n<p>\u2013 Infelizmente, o ataque \u00e0 liberdade de imprensa e \u00e0 liberdade de express\u00e3o pela ditadura de Daniel Ortega e Rosario Murillo n\u00e3o parou \u2013 alertou o PCIN, tamb\u00e9m sediado na Costa Rica, em um comunicado.<\/p>\n\n\n\n<p>Na nota, a entidade cobrou \u201co direito fundamental do povo nicaraguense \u00e0 liberdade de express\u00e3o e de imprensa, que s\u00e3o essenciais para o desenvolvimento de uma sociedade justa e democr\u00e1tica\u201d.<\/p>\n\n\n\n<p>Outras reivindica\u00e7\u00f5es s\u00e3o \u201ca implementa\u00e7\u00e3o de medidas de prote\u00e7\u00e3o para jornalistas, evitando futuros ataques e amea\u00e7as contra eles\u201d, e que a comunidade internacional continue a apoiar a imprensa independente, al\u00e9m de condenar as viola\u00e7\u00f5es dos direitos humanos.<\/p>\n\n\n\n<p>Na \u00faltima sexta-feira (19), a Sociedade Interamericana de Imprensa (SIP) advertiu que a viol\u00eancia do governo Ortega contra os jornalistas nicaraguenses se intensificou, incluindo o roubo de suas casas, o fechamento de suas contas banc\u00e1rias e ataques a suas fam\u00edlias.<\/p>\n\n\n\n<p>A Nicar\u00e1gua vive uma crise pol\u00edtica e social desde abril de 2018, que se acentuou ap\u00f3s as pol\u00eamicas elei\u00e7\u00f5es gerais de 7 de novembro de 2021, nas quais Ortega, que est\u00e1 no poder desde 2007, foi reeleito para um quinto mandato \u2013 o quarto mandato consecutivo \u2013 enquanto seus principais concorrentes estavam na pris\u00e3o ou no ex\u00edlio.<\/p>\n\n\n\n<p>*EFE<\/p>\n","protected":false},"excerpt":{"rendered":"<p>Ao menos 253 jornalistas sa\u00edram exilados da&nbsp;Nicar\u00e1gua&nbsp;por raz\u00f5es de seguran\u00e7a ou foram banidos desde abril de 2018 pelo governo do ditador&nbsp;Daniel Ortega, de acordo com um relat\u00f3rio divulgado neste domingo (21) pela ONG Colectivo de Derechos Humanos Nicar\u00e1gua Nunca M\u00e1s, com sede na Costa Rica. O relat\u00f3rio foi divulgado por ocasi\u00e3o do sexto anivers\u00e1rio da [&hellip;]<\/p>\n","protected":false},"author":2,"featured_media":19126,"comment_status":"open","ping_status":"open","sticky":false,"template":"","format":"standard","meta":[],"categories":[16],"tags":[],"_links":{"self":[{"href":"https:\/\/dgospel.com.br\/portal\/index.php\/wp-json\/wp\/v2\/posts\/19125"}],"collection":[{"href":"https:\/\/dgospel.com.br\/portal\/index.php\/wp-json\/wp\/v2\/posts"}],"about":[{"href":"https:\/\/dgospel.com.br\/portal\/index.php\/wp-json\/wp\/v2\/types\/post"}],"author":[{"embeddable":true,"href":"https:\/\/dgospel.com.br\/portal\/index.php\/wp-json\/wp\/v2\/users\/2"}],"replies":[{"embeddable":true,"href":"https:\/\/dgospel.com.br\/portal\/index.php\/wp-json\/wp\/v2\/comments?post=19125"}],"version-history":[{"count":1,"href":"https:\/\/dgospel.com.br\/portal\/index.php\/wp-json\/wp\/v2\/posts\/19125\/revisions"}],"predecessor-version":[{"id":19127,"href":"https:\/\/dgospel.com.br\/portal\/index.php\/wp-json\/wp\/v2\/posts\/19125\/revisions\/19127"}],"wp:featuredmedia":[{"embeddable":true,"href":"https:\/\/dgospel.com.br\/portal\/index.php\/wp-json\/wp\/v2\/media\/19126"}],"wp:attachment":[{"href":"https:\/\/dgospel.com.br\/portal\/index.php\/wp-json\/wp\/v2\/media?parent=19125"}],"wp:term":[{"taxonomy":"category","embeddable":true,"href":"https:\/\/dgospel.com.br\/portal\/index.php\/wp-json\/wp\/v2\/categories?post=19125"},{"taxonomy":"post_tag","embeddable":true,"href":"https:\/\/dgospel.com.br\/portal\/index.php\/wp-json\/wp\/v2\/tags?post=19125"}],"curies":[{"name":"wp","href":"https:\/\/api.w.org\/{rel}","templated":true}]}}