{"id":19132,"date":"2024-04-23T21:51:32","date_gmt":"2024-04-24T00:51:32","guid":{"rendered":"https:\/\/dgospel.com.br\/portal\/?p=19132"},"modified":"2024-04-23T21:51:32","modified_gmt":"2024-04-24T00:51:32","slug":"rubens-uchoa-diz-que-e-vergonhoso-a-situacao-que-se-encontra-a-upa-da-regiao-sul-de-palmas","status":"publish","type":"post","link":"https:\/\/dgospel.com.br\/portal\/index.php\/2024\/04\/23\/rubens-uchoa-diz-que-e-vergonhoso-a-situacao-que-se-encontra-a-upa-da-regiao-sul-de-palmas\/","title":{"rendered":"Rubens Uch\u00f4a diz que \u00e9 vergonhoso a situa\u00e7\u00e3o que se encontra a UPA da regi\u00e3o Sul de Palmas\u00a0"},"content":{"rendered":"\n<p>O vereador Rubens Uch\u00f4a (UB) fez uma visita surpresa \u00e0 Unidade de Pronto Atendimento (UPA) de Taquaralto, na regi\u00e3o Sul de Palmas, e expressou indigna\u00e7\u00e3o com as condi\u00e7\u00f5es encontradas.<\/p>\n\n\n\n<p>Em um v\u00eddeo divulgado em suas redes sociais, o parlamentar n\u00e3o poupou cr\u00edticas \u00e0 administra\u00e7\u00e3o atual da Capital.<\/p>\n\n\n\n<p><em>\u201c\u00c9 vergonhoso a situa\u00e7\u00e3o que est\u00e1 aqui. Continuam faltando enfermeiros. Constatei que n\u00e3o tem enfermeiro suficiente, n\u00e3o tem m\u00e9dico suficiente para atender todas as demandas,\u201d<\/em>\u00a0afirmou Rubens. Segundo ele, as defici\u00eancias v\u00e3o contra as declara\u00e7\u00f5es recentes da Secretaria da Sa\u00fade.\u00a0<em>\u201cNa \u00faltima audi\u00eancia que teve, a pr\u00f3pria secret\u00e1ria da sa\u00fade disse que estava tudo ok, que n\u00e3o estavam faltando medicamentos, n\u00e3o estavam faltando profissionais. Mas isso \u00e9 uma mentira, como voc\u00eas podem ver, a UPA da regi\u00e3o Sul est\u00e1 lotada. \u00c9 uma irresponsabilidade desta gest\u00e3o, est\u00e3o brincando com a popula\u00e7\u00e3o palmense,\u201d<\/em>\u00a0acrescentou.<\/p>\n\n\n\n<p>O parlamentar tamb\u00e9m lembrou uma promessa n\u00e3o cumprida pela prefeita de Palmas.\u00a0<em>\u201cEstava no plano de governo da atual gest\u00e3o construir um Hospital Municipal, pois somos a \u00fanica capital do Brasil que n\u00e3o temos um hospital municipal. Ou seja, a prefeita fez a promessa, mas n\u00e3o cumpriu. E hoje temos a defici\u00eancia que temos quando se trata da sa\u00fade de Palmas\u201d<\/em>.<\/p>\n","protected":false},"excerpt":{"rendered":"<p>O vereador Rubens Uch\u00f4a (UB) fez uma visita surpresa \u00e0 Unidade de Pronto Atendimento (UPA) de Taquaralto, na regi\u00e3o Sul de Palmas, e expressou indigna\u00e7\u00e3o com as condi\u00e7\u00f5es encontradas. Em um v\u00eddeo divulgado em suas redes sociais, o parlamentar n\u00e3o poupou cr\u00edticas \u00e0 administra\u00e7\u00e3o atual da Capital. \u201c\u00c9 vergonhoso a situa\u00e7\u00e3o que est\u00e1 aqui. Continuam [&hellip;]<\/p>\n","protected":false},"author":2,"featured_media":18538,"comment_status":"open","ping_status":"open","sticky":false,"template":"","format":"standard","meta":[],"categories":[8],"tags":[],"_links":{"self":[{"href":"https:\/\/dgospel.com.br\/portal\/index.php\/wp-json\/wp\/v2\/posts\/19132"}],"collection":[{"href":"https:\/\/dgospel.com.br\/portal\/index.php\/wp-json\/wp\/v2\/posts"}],"about":[{"href":"https:\/\/dgospel.com.br\/portal\/index.php\/wp-json\/wp\/v2\/types\/post"}],"author":[{"embeddable":true,"href":"https:\/\/dgospel.com.br\/portal\/index.php\/wp-json\/wp\/v2\/users\/2"}],"replies":[{"embeddable":true,"href":"https:\/\/dgospel.com.br\/portal\/index.php\/wp-json\/wp\/v2\/comments?post=19132"}],"version-history":[{"count":1,"href":"https:\/\/dgospel.com.br\/portal\/index.php\/wp-json\/wp\/v2\/posts\/19132\/revisions"}],"predecessor-version":[{"id":19133,"href":"https:\/\/dgospel.com.br\/portal\/index.php\/wp-json\/wp\/v2\/posts\/19132\/revisions\/19133"}],"wp:featuredmedia":[{"embeddable":true,"href":"https:\/\/dgospel.com.br\/portal\/index.php\/wp-json\/wp\/v2\/media\/18538"}],"wp:attachment":[{"href":"https:\/\/dgospel.com.br\/portal\/index.php\/wp-json\/wp\/v2\/media?parent=19132"}],"wp:term":[{"taxonomy":"category","embeddable":true,"href":"https:\/\/dgospel.com.br\/portal\/index.php\/wp-json\/wp\/v2\/categories?post=19132"},{"taxonomy":"post_tag","embeddable":true,"href":"https:\/\/dgospel.com.br\/portal\/index.php\/wp-json\/wp\/v2\/tags?post=19132"}],"curies":[{"name":"wp","href":"https:\/\/api.w.org\/{rel}","templated":true}]}}