{"id":19134,"date":"2024-04-23T21:54:57","date_gmt":"2024-04-24T00:54:57","guid":{"rendered":"https:\/\/dgospel.com.br\/portal\/?p=19134"},"modified":"2024-04-23T22:22:43","modified_gmt":"2024-04-24T01:22:43","slug":"vereador-rubens-uchoa-critica-condicoes-de-atendimento-na-upa-norte-de-palmas","status":"publish","type":"post","link":"https:\/\/dgospel.com.br\/portal\/index.php\/2024\/04\/23\/vereador-rubens-uchoa-critica-condicoes-de-atendimento-na-upa-norte-de-palmas\/","title":{"rendered":"Vereador Rubens Uch\u00f4a critica condi\u00e7\u00f5es de atendimento na UPA Norte de Palmas"},"content":{"rendered":"\n<p>Durante uma visita \u00e0 Unidade de Pronto Atendimento (UPA) da regi\u00e3o Norte de Palmas, o vereador Rubens Uch\u00f4a (UB) expressou insatisfa\u00e7\u00e3o com o estado atual do atendimento de sa\u00fade na capital.<\/p>\n\n\n\n<p>O parlamentar destacou a sobrecarga de trabalho dos profissionais de sa\u00fade e a longa espera dos pacientes, enfatizando a urg\u00eancia de melhorias no sistema.<\/p>\n\n\n\n<p><em>\u201cEstou mais uma vez aqui na UPA Norte, e \u00e9 vergonhosa a falta de respeito com o cidad\u00e3o palmense. Continuam faltando m\u00e9dicos, continuam faltando enfermeiros. O m\u00e9dico tem que atender o consult\u00f3rio, as enfermarias e tamb\u00e9m a emerg\u00eancia. Isso \u00e9 uma falta de respeito,\u201d<\/em>&nbsp;afirmou Rubens.<\/p>\n\n\n\n<p>Segundo ele, a falta de recursos humanos adequados est\u00e1 comprometendo seriamente a qualidade do atendimento.<em>\u00a0\u201cTeve pessoas que chegaram aqui ainda meio-dia e at\u00e9 agora n\u00e3o foram atendidas. Isso \u00e9 desumano,\u201d<\/em>\u00a0relatou o parlamentar, destacando os relatos de espera excessiva por parte dos pacientes.<\/p>\n\n\n\n<p>Al\u00e9m das cr\u00edticas ao funcionamento da UPA, Rubens tamb\u00e9m chamou aten\u00e7\u00e3o para uma promessa n\u00e3o cumprida pela atual gest\u00e3o municipal.&nbsp;<em>\u201cA gest\u00e3o fez promessa no seu plano de governo que iria construir o Hospital P\u00fablico Municipal, pois somos a \u00fanica capital do Brasil que n\u00e3o temos hospital municipal, mas infelizmente at\u00e9 agora n\u00e3o cumpriu. Isso n\u00e3o pode acontecer,\u201d<\/em>&nbsp;criticou o vereador.<\/p>\n\n\n\n<p>Rubens Uch\u00f4a conclamou a administra\u00e7\u00e3o municipal a tomar medidas imediatas para resolver essas quest\u00f5es, reiterando a import\u00e2ncia de respeitar e valorizar a sa\u00fade p\u00fablica. O vereador afirmou que continuar\u00e1 acompanhando de perto a situa\u00e7\u00e3o e cobrando solu\u00e7\u00f5es efetivas para os problemas enfrentados pelos cidad\u00e3os de Palmas no acesso \u00e0 sa\u00fade.<\/p>\n","protected":false},"excerpt":{"rendered":"<p>Durante uma visita \u00e0 Unidade de Pronto Atendimento (UPA) da regi\u00e3o Norte de Palmas, o vereador Rubens Uch\u00f4a (UB) expressou insatisfa\u00e7\u00e3o com o estado atual do atendimento de sa\u00fade na capital. O parlamentar destacou a sobrecarga de trabalho dos profissionais de sa\u00fade e a longa espera dos pacientes, enfatizando a urg\u00eancia de melhorias no sistema. [&hellip;]<\/p>\n","protected":false},"author":2,"featured_media":17955,"comment_status":"open","ping_status":"open","sticky":false,"template":"","format":"standard","meta":[],"categories":[8],"tags":[],"_links":{"self":[{"href":"https:\/\/dgospel.com.br\/portal\/index.php\/wp-json\/wp\/v2\/posts\/19134"}],"collection":[{"href":"https:\/\/dgospel.com.br\/portal\/index.php\/wp-json\/wp\/v2\/posts"}],"about":[{"href":"https:\/\/dgospel.com.br\/portal\/index.php\/wp-json\/wp\/v2\/types\/post"}],"author":[{"embeddable":true,"href":"https:\/\/dgospel.com.br\/portal\/index.php\/wp-json\/wp\/v2\/users\/2"}],"replies":[{"embeddable":true,"href":"https:\/\/dgospel.com.br\/portal\/index.php\/wp-json\/wp\/v2\/comments?post=19134"}],"version-history":[{"count":1,"href":"https:\/\/dgospel.com.br\/portal\/index.php\/wp-json\/wp\/v2\/posts\/19134\/revisions"}],"predecessor-version":[{"id":19135,"href":"https:\/\/dgospel.com.br\/portal\/index.php\/wp-json\/wp\/v2\/posts\/19134\/revisions\/19135"}],"wp:featuredmedia":[{"embeddable":true,"href":"https:\/\/dgospel.com.br\/portal\/index.php\/wp-json\/wp\/v2\/media\/17955"}],"wp:attachment":[{"href":"https:\/\/dgospel.com.br\/portal\/index.php\/wp-json\/wp\/v2\/media?parent=19134"}],"wp:term":[{"taxonomy":"category","embeddable":true,"href":"https:\/\/dgospel.com.br\/portal\/index.php\/wp-json\/wp\/v2\/categories?post=19134"},{"taxonomy":"post_tag","embeddable":true,"href":"https:\/\/dgospel.com.br\/portal\/index.php\/wp-json\/wp\/v2\/tags?post=19134"}],"curies":[{"name":"wp","href":"https:\/\/api.w.org\/{rel}","templated":true}]}}