{"id":19156,"date":"2024-04-25T22:03:52","date_gmt":"2024-04-26T01:03:52","guid":{"rendered":"https:\/\/dgospel.com.br\/portal\/?p=19156"},"modified":"2024-04-25T22:03:54","modified_gmt":"2024-04-26T01:03:54","slug":"assembleia-legislativa-realiza-sessao-solene-em-homenagem-ao-dia-do-evangelico-por-iniciativa-do-deputado-gipao","status":"publish","type":"post","link":"https:\/\/dgospel.com.br\/portal\/index.php\/2024\/04\/25\/assembleia-legislativa-realiza-sessao-solene-em-homenagem-ao-dia-do-evangelico-por-iniciativa-do-deputado-gipao\/","title":{"rendered":"Assembleia Legislativa realiza sess\u00e3o solene em homenagem ao Dia do Evang\u00e9lico por iniciativa do deputado Gip\u00e3o"},"content":{"rendered":"\n<p>A manh\u00e3 de quinta-feira, 25, na Assembleia Legislativa foi marcada por uma sess\u00e3o solene em homenagem ao Dia do Evang\u00e9lico do Estado do Tocantins, por iniciativa do deputado Gip\u00e3o (PL).<\/p>\n\n\n\n<p>O evento contou com a presen\u00e7a expressiva de evang\u00e9licos de diversas denomina\u00e7\u00f5es, lotando o plen\u00e1rio e as galerias da Casa. O governador Wanderlei Barbosa foi representado pela secret\u00e1ria da mulher, Berenice de F\u00e1tima Barbosa.<\/p>\n\n\n\n<p>A abertura dos trabalhos ficou a cargo da deputada Professora Janad Valcari (PL), que destacou a import\u00e2ncia do evento como uma oportunidade de reflex\u00e3o sobre o legado da miss\u00e3o evang\u00e9lica no Estado. \u201cQue essa sess\u00e3o seja um momento de renova\u00e7\u00e3o dos nossos votos, um chamado para avan\u00e7armos juntos com um povo unido em nossa f\u00e9 e prop\u00f3sito\u201d, disse.<\/p>\n\n\n\n<p>Em seu pronunciamento, o deputado Gip\u00e3o agradeceu a presen\u00e7a de todos, destacando que \u00e9 preciso ampliar e apoiar as a\u00e7\u00f5es dos evang\u00e9licos no Tocantins. \u201cQuero propor ao Governo do Estado, nossa bancada federal, aos nobres pares para uma a\u00e7\u00e3o conjunta, a fim de realizarmos, no pr\u00f3ximo ano, o Dia do Evang\u00e9lico com ampla mobiliza\u00e7\u00e3o nas cidades-polo do nosso estado\u201d prop\u00f4s o parlamentar.<\/p>\n\n\n\n<p>Al\u00e9m da entrega de placas de homenagem e condecora\u00e7\u00f5es, a solenidade contou com apresenta\u00e7\u00f5es musicais com os cantores Marcus Rocha, Johnny Moreira e Kamilly dos Reis, do grupo Louvar da Igreja Base Church.<\/p>\n\n\n\n<p>A solenidade contou ainda com pronunciamentos dos seguintes parlamentares: Professor Junior Geo (PSDB), Ivory de Lira (PCdoB), Cl\u00e1udia Lelis (PV) e Luciano Oliveira (PSD). Todos elogiaram a iniciativa do deputado Gip\u00e3o, por proporcionar momentos de rever\u00eancia e celebra\u00e7\u00e3o, al\u00e9m do reconhecimento ao legado dos evang\u00e9licos no Estado.<\/p>\n\n\n\n<p>Rela\u00e7\u00e3o dos evang\u00e9licos homenageados e dos respectivos deputados:<\/p>\n\n\n\n<p><strong>Gip\u00e3o<\/strong><\/p>\n\n\n\n<p>Amilson de Freitas Lopes \u2013 Benedito&nbsp;Moreira Primo \u2013 Carlos Roberto Lopes \u2013 Claudemir Lopes \u2013 Edvan Bezerra Martins \u2013 Gilberto Ferreira Santos \u2013 Glaucio Luciano Coraiola \u2013 Guaracy Batista da Silveira \u2013 Jesiel Arn\u00f4ld Moreira Martins \u2013 Joselete de C\u00e1ssia Ramalho Tertuliano \u2013 Jurandi Oliveira Souza \u2013 Sebasti\u00e3o Tertuliano Filho e Washington Lu\u00eds Ara\u00fajo Almeida.<\/p>\n\n\n\n<p><strong>Marcus Marcelo (PL)<\/strong><\/p>\n\n\n\n<p>&#8211; Zacarias Alves da Silva<\/p>\n\n\n\n<p><strong>Cl\u00e1udia Lelis<\/strong><\/p>\n\n\n\n<p>&#8211; Edna Carneiro dos Santos Nascimento<\/p>\n\n\n\n<p><strong>Eduardo Mantoan (PSDB)<\/strong><\/p>\n\n\n\n<p>&#8211; Augusto Eduardo S. J\u00fanior<\/p>\n\n\n\n<p><strong>Jair Farias (UB)<\/strong><\/p>\n\n\n\n<p>&#8211; Francisco Lemos de Sousa<\/p>\n\n\n\n<p><strong>Luciano Oliveira<\/strong><\/p>\n\n\n\n<p>&#8211; Samuel Rodrigues Alves<\/p>\n\n\n\n<p>&nbsp;<strong>Nilton Franco (Republicanos)<\/strong><\/p>\n\n\n\n<p>&#8211; Luiz Carlos de Jesus Dellamonica Silva<\/p>\n\n\n\n<p>&#8211; Robson Correa<\/p>\n\n\n\n<p><strong>Prof. J\u00fanior Geo<\/strong><\/p>\n\n\n\n<p>&#8211; Luciano Gomes Silva Filho<\/p>\n\n\n\n<p><strong>Dia do Evang\u00e9lico do Estado do Tocantins<\/strong><\/p>\n\n\n\n<p>A data foi institu\u00edda pela\u00a0<strong>Lei 2.081\/2009<\/strong>, de autoria do ent\u00e3o deputado Pastor Pedro Lima e sancionada pelo ex-governador Marcelo Miranda.<\/p>\n\n\n\n<p><\/p>\n","protected":false},"excerpt":{"rendered":"<p>A manh\u00e3 de quinta-feira, 25, na Assembleia Legislativa foi marcada por uma sess\u00e3o solene em homenagem ao Dia do Evang\u00e9lico do Estado do Tocantins, por iniciativa do deputado Gip\u00e3o (PL). O evento contou com a presen\u00e7a expressiva de evang\u00e9licos de diversas denomina\u00e7\u00f5es, lotando o plen\u00e1rio e as galerias da Casa. O governador Wanderlei Barbosa foi [&hellip;]<\/p>\n","protected":false},"author":2,"featured_media":19157,"comment_status":"open","ping_status":"open","sticky":false,"template":"","format":"standard","meta":[],"categories":[8],"tags":[13],"_links":{"self":[{"href":"https:\/\/dgospel.com.br\/portal\/index.php\/wp-json\/wp\/v2\/posts\/19156"}],"collection":[{"href":"https:\/\/dgospel.com.br\/portal\/index.php\/wp-json\/wp\/v2\/posts"}],"about":[{"href":"https:\/\/dgospel.com.br\/portal\/index.php\/wp-json\/wp\/v2\/types\/post"}],"author":[{"embeddable":true,"href":"https:\/\/dgospel.com.br\/portal\/index.php\/wp-json\/wp\/v2\/users\/2"}],"replies":[{"embeddable":true,"href":"https:\/\/dgospel.com.br\/portal\/index.php\/wp-json\/wp\/v2\/comments?post=19156"}],"version-history":[{"count":1,"href":"https:\/\/dgospel.com.br\/portal\/index.php\/wp-json\/wp\/v2\/posts\/19156\/revisions"}],"predecessor-version":[{"id":19158,"href":"https:\/\/dgospel.com.br\/portal\/index.php\/wp-json\/wp\/v2\/posts\/19156\/revisions\/19158"}],"wp:featuredmedia":[{"embeddable":true,"href":"https:\/\/dgospel.com.br\/portal\/index.php\/wp-json\/wp\/v2\/media\/19157"}],"wp:attachment":[{"href":"https:\/\/dgospel.com.br\/portal\/index.php\/wp-json\/wp\/v2\/media?parent=19156"}],"wp:term":[{"taxonomy":"category","embeddable":true,"href":"https:\/\/dgospel.com.br\/portal\/index.php\/wp-json\/wp\/v2\/categories?post=19156"},{"taxonomy":"post_tag","embeddable":true,"href":"https:\/\/dgospel.com.br\/portal\/index.php\/wp-json\/wp\/v2\/tags?post=19156"}],"curies":[{"name":"wp","href":"https:\/\/api.w.org\/{rel}","templated":true}]}}