{"id":19171,"date":"2024-04-25T23:14:56","date_gmt":"2024-04-26T02:14:56","guid":{"rendered":"https:\/\/dgospel.com.br\/portal\/?p=19171"},"modified":"2024-04-25T23:14:57","modified_gmt":"2024-04-26T02:14:57","slug":"dia-do-evangelico-sera-comemorado-com-grande-show-gospel-em-buritirana-2","status":"publish","type":"post","link":"https:\/\/dgospel.com.br\/portal\/index.php\/2024\/04\/25\/dia-do-evangelico-sera-comemorado-com-grande-show-gospel-em-buritirana-2\/","title":{"rendered":"Dia do Evang\u00e9lico ser\u00e1 comemorado com grande show gospel em Buritirana"},"content":{"rendered":"\n<p>No pr\u00f3ximo s\u00e1bado, dia 27 de abril, acontecer\u00e1 um grande show gospel em comemora\u00e7\u00e3o ao &#8220;Dia do Evang\u00e9lico do Estado do Tocantins&#8221;, a partir das 19 horas na Pra\u00e7a central do distrito de Buritirana, Munic\u00edpio de Palmas, capital do Tocantins.<\/p>\n\n\n\n<p>O show gospel comemorativo ter\u00e1 a participa\u00e7\u00e3o dos cantores, Samuel Mariano, Rubens Uchoa, Paulo Neto, Moys\u00e9s de Carvalho, Samuel Boza e a cantora Soraya Moraes. Tamb\u00e9m estar\u00e3o ministrando no evento os pastores: &nbsp;Anselmo Dantas, Ronaldo Clesio, e Eliezio Manos.<\/p>\n\n\n\n<p><br>O Dia Estadual do Evang\u00e9lico \u00e9 25 de abril, uma data institu\u00edda pela&nbsp;Lei 2.081\/2009,&nbsp;de autoria do ent\u00e3o deputado Pastor Pedro Lima e sancionada pelo ex-governador Marcelo Miranda. Mas o evento comemorativo ser\u00e1 no s\u00e1bado dia 27, e \u00e9 uma realiza\u00e7\u00e3o das Igreja evang\u00e9licas e coordenado pelo pastor Silas Cavalcante. Esse \u00e9 o terceiro ano em que a data \u00e9 comemorada em Buritiran.<\/p>\n\n\n\n<p>Com o tema, \u201cJesus tem vida em abundancia\u201d, o evento contar\u00e1 com a participa\u00e7\u00e3o de grandes cantores e pregadores. De acordo com o coordenador, pastor Silas Cavalcante v\u00e1rias caravanas tamb\u00e9m s\u00e3o esperadas no evento. &nbsp;<\/p>\n\n\n\n<p>\u201cSer\u00e1 uma noite marcante para Buritirana. Tenho certe que vidas ser\u00e3o impactadas e aben\u00e7oadas atrav\u00e9s deste evento\u201d, disse o coordenador.<\/p>\n\n\n\n<p><strong>Homenagem na Assembleia Legislativa<\/strong><\/p>\n\n\n\n<p>A Assembleia Legislativa realizou uma sess\u00e3o solene em homenagem ao Dia do Evang\u00e9lico do Estado do Tocantins, por iniciativa do deputado Gip\u00e3o (PL), a sess\u00e3o aconteceu na manh\u00e3 desta quinta-feira, 25.&nbsp;<\/p>\n\n\n\n<p>O evento contou com a presen\u00e7a expressiva de evang\u00e9licos de diversas denomina\u00e7\u00f5es, lotando o plen\u00e1rio e as galerias da Casa. O governador Wanderlei Barbosa foi representado pela secret\u00e1ria da mulher, Berenice de F\u00e1tima Barbosa.<\/p>\n","protected":false},"excerpt":{"rendered":"<p>No pr\u00f3ximo s\u00e1bado, dia 27 de abril, acontecer\u00e1 um grande show gospel em comemora\u00e7\u00e3o ao &#8220;Dia do Evang\u00e9lico do Estado do Tocantins&#8221;, a partir das 19 horas na Pra\u00e7a central do distrito de Buritirana, Munic\u00edpio de Palmas, capital do Tocantins. O show gospel comemorativo ter\u00e1 a participa\u00e7\u00e3o dos cantores, Samuel Mariano, Rubens Uchoa, Paulo Neto, [&hellip;]<\/p>\n","protected":false},"author":2,"featured_media":19153,"comment_status":"open","ping_status":"open","sticky":false,"template":"","format":"standard","meta":[],"categories":[5],"tags":[13],"_links":{"self":[{"href":"https:\/\/dgospel.com.br\/portal\/index.php\/wp-json\/wp\/v2\/posts\/19171"}],"collection":[{"href":"https:\/\/dgospel.com.br\/portal\/index.php\/wp-json\/wp\/v2\/posts"}],"about":[{"href":"https:\/\/dgospel.com.br\/portal\/index.php\/wp-json\/wp\/v2\/types\/post"}],"author":[{"embeddable":true,"href":"https:\/\/dgospel.com.br\/portal\/index.php\/wp-json\/wp\/v2\/users\/2"}],"replies":[{"embeddable":true,"href":"https:\/\/dgospel.com.br\/portal\/index.php\/wp-json\/wp\/v2\/comments?post=19171"}],"version-history":[{"count":1,"href":"https:\/\/dgospel.com.br\/portal\/index.php\/wp-json\/wp\/v2\/posts\/19171\/revisions"}],"predecessor-version":[{"id":19172,"href":"https:\/\/dgospel.com.br\/portal\/index.php\/wp-json\/wp\/v2\/posts\/19171\/revisions\/19172"}],"wp:featuredmedia":[{"embeddable":true,"href":"https:\/\/dgospel.com.br\/portal\/index.php\/wp-json\/wp\/v2\/media\/19153"}],"wp:attachment":[{"href":"https:\/\/dgospel.com.br\/portal\/index.php\/wp-json\/wp\/v2\/media?parent=19171"}],"wp:term":[{"taxonomy":"category","embeddable":true,"href":"https:\/\/dgospel.com.br\/portal\/index.php\/wp-json\/wp\/v2\/categories?post=19171"},{"taxonomy":"post_tag","embeddable":true,"href":"https:\/\/dgospel.com.br\/portal\/index.php\/wp-json\/wp\/v2\/tags?post=19171"}],"curies":[{"name":"wp","href":"https:\/\/api.w.org\/{rel}","templated":true}]}}