{"id":19173,"date":"2024-04-26T21:40:39","date_gmt":"2024-04-27T00:40:39","guid":{"rendered":"https:\/\/dgospel.com.br\/portal\/?p=19173"},"modified":"2024-04-26T21:40:40","modified_gmt":"2024-04-27T00:40:40","slug":"ditadura-de-maduro-torna-mais-cinco-opositores-inelegiveis","status":"publish","type":"post","link":"https:\/\/dgospel.com.br\/portal\/index.php\/2024\/04\/26\/ditadura-de-maduro-torna-mais-cinco-opositores-inelegiveis\/","title":{"rendered":"Ditadura de Maduro torna mais cinco opositores ineleg\u00edveis"},"content":{"rendered":"\n<p>A Controladoria da Venezuela, alinhada \u00e0 ditadura de Nicol\u00e1s Maduro, anunciou a inabilita\u00e7\u00e3o pol\u00edtica de mais cinco opositores ao regime \u2013 dois prefeitos em exerc\u00edcio e tr\u00eas ex-deputados. A decis\u00e3o aumenta uma lista j\u00e1 extensa de l\u00edderes que perderam seus direitos pol\u00edticos meses antes do processo eleitoral previsto para 28 de julho, no qual Maduro buscar\u00e1 o terceiro mandato.<\/p>\n\n\n\n<p>Segundo o especialista eleitoral Eugenio Mart\u00ednez, os cinco pol\u00edticos tornados ineleg\u00edveis eram potenciais candidatos a cargos regionais \u2013 ap\u00f3s a elei\u00e7\u00e3o presidencial, a Venezuela deve realizar em 2025 vota\u00e7\u00f5es para prefeitos e governadores. Ainda que eles n\u00e3o concorram diretamente contra Maduro em julho, as inabilita\u00e7\u00f5es indicam maior repress\u00e3o \u00e0 oposi\u00e7\u00e3o meses antes do pleito.<\/p>\n\n\n\n<p>Nos \u00faltimos anos, esse tipo de san\u00e7\u00e3o tem sido praticada de forma sistem\u00e1tica no pa\u00eds e vem atingindo l\u00edderes com ampla popularidade, como Mar\u00eda Corina Machado.<\/p>\n\n\n\n<p>Vencedora das prim\u00e1rias da oposi\u00e7\u00e3o e favorita nas pesquisas, a ex-deputada ficou ineleg\u00edvel para as elei\u00e7\u00f5es ap\u00f3s acusa\u00e7\u00f5es de irregularidades administrativas na \u00e9poca em que ela foi deputada, de 2011 a 2014.<\/p>\n\n\n\n<p>Os alvos agora s\u00e3o os prefeitos de El Hatillo, El\u00edas Sayegh, e de Los Salias, Jos\u00e9 Antonio Fern\u00e1ndez L\u00f3pez, e os ex-deputados Tom\u00e1s Guanipa, Carlos Ocariz e Juan Carlos Caldera. Todos ficar\u00e3o inabilitados por 15 anos, com exce\u00e7\u00e3o do \u00faltimo, para quem a san\u00e7\u00e3o durar\u00e1 12 meses.<\/p>\n\n\n\n<p>Eles s\u00e3o correligion\u00e1rios do duas vezes candidato presidencial Henrique Capriles, que tamb\u00e9m teve seus direitos pol\u00edticos cassados.<\/p>\n\n\n\n<p>As resolu\u00e7\u00f5es que registram as desqualifica\u00e7\u00f5es s\u00e3o de 16 de abril de 2024, de acordo com o documento publicado pela Controladoria em seu site, mas s\u00f3 foram divulgadas nesta quinta. Ocariz, Guanipa e Caldera, que junto com Capriles fazem parte do partido Primeiro Justi\u00e7a (PJ), criticaram as medidas.<\/p>\n\n\n\n<p>\u2013 N\u00e3o importa o que fa\u00e7am, nem como fa\u00e7am. Nada nos distrai, ningu\u00e9m nos tira do caminho eleitoral. Todos a votar em 28 de julho! \u2013 escreveu Guanipa no X, mesma plataforma em que seus correligion\u00e1rios fizeram apelos semelhantes.<\/p>\n\n\n\n<p>A Plataforma da Unidade Democr\u00e1tica (PUD), principal alian\u00e7a opositora, disse que as medidas aplicadas pelo regime s\u00e3o ilegais.<\/p>\n\n\n\n<p>A oposi\u00e7\u00e3o vem denunciando obst\u00e1culos e ataques relacionados ao processo eleitoral ap\u00f3s bloqueios para a inscri\u00e7\u00e3o de candidaturas e a interven\u00e7\u00e3o em partidos como o PJ, cujo controle foi entregue de forma judicial a Jos\u00e9 Brito, acusado de colaborar com o regime.<\/p>\n\n\n\n<p>Diosdado Cabello, considerado o n\u00famero 2 do chavismo, rebateu as acusa\u00e7\u00f5es e disse que na oposi\u00e7\u00e3o h\u00e1 trapaceiros que buscam interferir no processo eleitoral. Ele pediu \u00e0s autoridades que revisem as candidaturas de opositores antes do pleito marcado para julho.<\/p>\n\n\n\n<p>Capriles est\u00e1 impedido de exercer cargos p\u00fablicos desde 2017, numa senten\u00e7a tamb\u00e9m v\u00e1lida por 15 anos. A puni\u00e7\u00e3o foi determinada por supostas irregularidades administrativas de 2011 a 2013, quando ele era governador de Miranda, no norte do pa\u00eds.<\/p>\n\n\n\n<p>Neste ano, a oposi\u00e7\u00e3o procurou concentrar for\u00e7as em um \u00fanico candidato para enfrentar Maduro, que tentar\u00e1 o terceiro mandato consecutivo contra 12 oponentes, a maioria rotulados de colaboradores do regime.<\/p>\n\n\n\n<p>No \u00faltimo domingo (21), o diplomata Edmundo Gonz\u00e1lez Urrutia disse ter aceitado sua nomea\u00e7\u00e3o definitiva como candidato da maior plataforma da oposi\u00e7\u00e3o para enfrentar o ditador na elei\u00e7\u00e3o de julho.<\/p>\n\n\n\n<p>Ele havia sido inscrito de forma provis\u00f3ria pouco antes do fim do prazo para garantir a presen\u00e7a da oposi\u00e7\u00e3o na c\u00e9dula, em meio \u00e0 inabilita\u00e7\u00e3o de Corina Machado e \u00e0 impossibilidade de inscri\u00e7\u00e3o no sistema eleitoral de Corina Yoris, ent\u00e3o escolhida para substituir a vencedora das prim\u00e1rias.<\/p>\n\n\n\n<p>Em mar\u00e7o, Yoris, primeira escolha de Machado e sem experi\u00eancia na pol\u00edtica institucional, viu sua tentativa de se candidatar frustrada ao n\u00e3o conseguir inscrever seu nome na plataforma eleitoral, que, segundo ela, estava fechada para a inser\u00e7\u00e3o de novos dados.<\/p>\n","protected":false},"excerpt":{"rendered":"<p>A Controladoria da Venezuela, alinhada \u00e0 ditadura de Nicol\u00e1s Maduro, anunciou a inabilita\u00e7\u00e3o pol\u00edtica de mais cinco opositores ao regime \u2013 dois prefeitos em exerc\u00edcio e tr\u00eas ex-deputados. A decis\u00e3o aumenta uma lista j\u00e1 extensa de l\u00edderes que perderam seus direitos pol\u00edticos meses antes do processo eleitoral previsto para 28 de julho, no qual Maduro [&hellip;]<\/p>\n","protected":false},"author":2,"featured_media":19174,"comment_status":"open","ping_status":"open","sticky":false,"template":"","format":"standard","meta":[],"categories":[16],"tags":[],"_links":{"self":[{"href":"https:\/\/dgospel.com.br\/portal\/index.php\/wp-json\/wp\/v2\/posts\/19173"}],"collection":[{"href":"https:\/\/dgospel.com.br\/portal\/index.php\/wp-json\/wp\/v2\/posts"}],"about":[{"href":"https:\/\/dgospel.com.br\/portal\/index.php\/wp-json\/wp\/v2\/types\/post"}],"author":[{"embeddable":true,"href":"https:\/\/dgospel.com.br\/portal\/index.php\/wp-json\/wp\/v2\/users\/2"}],"replies":[{"embeddable":true,"href":"https:\/\/dgospel.com.br\/portal\/index.php\/wp-json\/wp\/v2\/comments?post=19173"}],"version-history":[{"count":1,"href":"https:\/\/dgospel.com.br\/portal\/index.php\/wp-json\/wp\/v2\/posts\/19173\/revisions"}],"predecessor-version":[{"id":19175,"href":"https:\/\/dgospel.com.br\/portal\/index.php\/wp-json\/wp\/v2\/posts\/19173\/revisions\/19175"}],"wp:featuredmedia":[{"embeddable":true,"href":"https:\/\/dgospel.com.br\/portal\/index.php\/wp-json\/wp\/v2\/media\/19174"}],"wp:attachment":[{"href":"https:\/\/dgospel.com.br\/portal\/index.php\/wp-json\/wp\/v2\/media?parent=19173"}],"wp:term":[{"taxonomy":"category","embeddable":true,"href":"https:\/\/dgospel.com.br\/portal\/index.php\/wp-json\/wp\/v2\/categories?post=19173"},{"taxonomy":"post_tag","embeddable":true,"href":"https:\/\/dgospel.com.br\/portal\/index.php\/wp-json\/wp\/v2\/tags?post=19173"}],"curies":[{"name":"wp","href":"https:\/\/api.w.org\/{rel}","templated":true}]}}