{"id":19176,"date":"2024-04-26T21:45:05","date_gmt":"2024-04-27T00:45:05","guid":{"rendered":"https:\/\/dgospel.com.br\/portal\/?p=19176"},"modified":"2024-04-26T21:53:39","modified_gmt":"2024-04-27T00:53:39","slug":"indigenas-protestam-durante-reuniao-de-lula-com-guajajara","status":"publish","type":"post","link":"https:\/\/dgospel.com.br\/portal\/index.php\/2024\/04\/26\/indigenas-protestam-durante-reuniao-de-lula-com-guajajara\/","title":{"rendered":"Ind\u00edgenas protestam durante reuni\u00e3o de Lula com Guajajara"},"content":{"rendered":"\n<p>Nesta quinta-feira (25), ind\u00edgenas fizeram uma marcha at\u00e9 o Pal\u00e1cio do Planalto a fim de pressionar o presidente Luiz In\u00e1cio Lula da Silva (PT) em favor da demarca\u00e7\u00e3o de terras e contra o marco temporal.<\/p>\n\n\n\n<p>Repleta de cartazes, a manifesta\u00e7\u00e3o ocorreu durante reuni\u00e3o do chefe do Executivo e da ministra dos Povos Ind\u00edgenas, S\u00f4nia Guajajara, com representantes do segmento. O ato teve in\u00edcio no Acampamento Terra Livre (ATL) \u00e0s 15h e se dirigiu at\u00e9 a Pra\u00e7a dos Tr\u00eas Poderes.<\/p>\n\n\n\n<p>De acordo com informa\u00e7\u00f5es do Poder360, estiveram presentes representantes das seguintes organiza\u00e7\u00f5es: Apoinme (Articula\u00e7\u00e3o dos Povos e Organiza\u00e7\u00f5es Ind\u00edgenas do Nordeste, Minas Gerais e Esp\u00edrito Santo); Arpinsudeste (Articula\u00e7\u00e3o dos Povos Ind\u00edgenas da Regi\u00e3o Sudeste); Arpinsul (Articula\u00e7\u00e3o dos Povos Ind\u00edgenas da Regi\u00e3o Sul); Aty Guasu; Comiss\u00e3o Guarani Yryrupa; Conselho Terena; e Coiab (Coordena\u00e7\u00e3o das Organiza\u00e7\u00f5es Ind\u00edgenas da Amaz\u00f4nia Brasileira).<\/p>\n\n\n\n<p>O marco temporal \u00e9 uma tese jur\u00eddica que defende que demarca\u00e7\u00f5es s\u00f3 podem ser feitas em terras que j\u00e1 estavam sob a posse de ind\u00edgenas \u00e0 \u00e9poca da promulga\u00e7\u00e3o da Constitui\u00e7\u00e3o Federal, em 1988.<\/p>\n\n\n\n<p>Declarado como inconstitucional pelo Supremo Tribunal Federal (STF), mas aprovado em forma de projeto de lei pelo Congresso, o marco temporal chegou a ser vetado pelo presidente Lula. Entretanto, o Parlamento derrubou a decis\u00e3o do chefe do Executivo em dezembro.<\/p>\n\n\n\n<p>Esta semana, o ministro Gilmar Mendes, decano do STF, suspendeu todos os processos sobre a constitucionalidade da lei em quest\u00e3o e determinou que um processo de concilia\u00e7\u00e3o envolvendo as demarca\u00e7\u00f5es seja instaurado.<\/p>\n\n\n\n<h2>Confira nas imagens <\/h2>\n\n\n\n<figure class=\"wp-block-image\"><img src=\"https:\/\/static.cdn.pleno.news\/2024\/04\/4375326c79b7fa4356474fdbde9d5bab5c4dc6e7w-768x512.jpg\" alt=\"Los ind\u00edgenas le exigen a Lula m\u00e1s celeridad para la demarcaci\u00f3n de sus tierras\" title=\"Los ind\u00edgenas le exigen a Lula m\u00e1s celeridad para la demarcaci\u00f3n de sus tierras\"\/><figcaption>Ind\u00edgenas protestam durante reuni\u00e3o de Lula com Guajajara&nbsp;\/ Foto: EFE\/ Andre Borges<\/figcaption><\/figure>\n\n\n\n<figure class=\"wp-block-image\"><img src=\"https:\/\/static.cdn.pleno.news\/2024\/04\/1b20b8f97ea7333b6224e03213c184ded3cf2ad7w-768x512.jpg\" alt=\"Los ind\u00edgenas le exigen a Lula m\u00e1s celeridad para la demarcaci\u00f3n de sus tierras\" title=\"Los ind\u00edgenas le exigen a Lula m\u00e1s celeridad para la demarcaci\u00f3n de sus tierras\"\/><figcaption>Ind\u00edgenas protestam durante reuni\u00e3o de Lula com Guajajara&nbsp;\/ Foto: EFE\/ Andre Borges<\/figcaption><\/figure>\n\n\n\n<figure class=\"wp-block-image\"><img src=\"https:\/\/static.cdn.pleno.news\/2024\/04\/4a284dd5b07b9a0512220101e85a31d1a18bcca5w-768x512.jpg\" alt=\"Los ind\u00edgenas le exigen a Lula m\u00e1s celeridad para la demarcaci\u00f3n de sus tierras\" title=\"Los ind\u00edgenas le exigen a Lula m\u00e1s celeridad para la demarcaci\u00f3n de sus tierras\"\/><figcaption>Ind\u00edgenas protestam durante reuni\u00e3o de Lula com Guajajara&nbsp;\/ Foto: EFE\/ Andre Borges<\/figcaption><\/figure>\n\n\n\n<figure class=\"wp-block-image\"><img src=\"https:\/\/static.cdn.pleno.news\/2024\/04\/3a74a2d311b9f1b9e46af349ab44913cf3320b6dw-768x512.jpg\" alt=\"Los ind\u00edgenas le exigen a Lula m\u00e1s celeridad para la demarcaci\u00f3n de sus tierras\" title=\"Los ind\u00edgenas le exigen a Lula m\u00e1s celeridad para la demarcaci\u00f3n de sus tierras\"\/><figcaption>Ind\u00edgenas protestam durante reuni\u00e3o de Lula com Guajajara&nbsp;\/ Foto: EFE\/ Andre Borges<\/figcaption><\/figure>\n\n\n\n<figure class=\"wp-block-image\"><img src=\"https:\/\/static.cdn.pleno.news\/2024\/04\/c1d0030cb1824a214bad12355e9df04c8edcbaf2w-768x512.jpg\" alt=\"Los ind\u00edgenas le exigen a Lula m\u00e1s celeridad para la demarcaci\u00f3n de sus tierras\" title=\"Los ind\u00edgenas le exigen a Lula m\u00e1s celeridad para la demarcaci\u00f3n de sus tierras\"\/><figcaption>Ind\u00edgenas protestam durante reuni\u00e3o de Lula com Guajajara&nbsp;\/ Foto: EFE\/ Andre Borges<\/figcaption><\/figure>\n\n\n\n<figure class=\"wp-block-image\"><img src=\"https:\/\/static.cdn.pleno.news\/2024\/04\/998bd6746c3dfa0b570debe52fbbb9fcd5296e3dw-768x512.jpg\" alt=\"Los ind\u00edgenas le exigen a Lula m\u00e1s celeridad para la demarcaci\u00f3n de sus tierras\" title=\"Los ind\u00edgenas le exigen a Lula m\u00e1s celeridad para la demarcaci\u00f3n de sus tierras\"\/><figcaption>Ind\u00edgenas protestam durante reuni\u00e3o de Lula com Guajajara&nbsp;\/ Foto: EFE\/ Andre Borges<\/figcaption><\/figure>\n\n\n\n<figure class=\"wp-block-image\"><img src=\"https:\/\/static.cdn.pleno.news\/2024\/04\/e525c8247ae08fe862d7bb29226ffc82d0d77b1cw-768x511.jpg\" alt=\"Los ind\u00edgenas le exigen a Lula m\u00e1s celeridad para la demarcaci\u00f3n de sus tierras\" title=\"Los ind\u00edgenas le exigen a Lula m\u00e1s celeridad para la demarcaci\u00f3n de sus tierras\"\/><figcaption>Ind\u00edgenas protestam durante reuni\u00e3o de Lula com Guajajara&nbsp;\/ Foto: EFE\/ Andre Borges<\/figcaption><\/figure>\n\n\n\n<ul><li>7&nbsp;de 7<\/li><\/ul>\n\n\n\n<p><\/p>\n","protected":false},"excerpt":{"rendered":"<p>Nesta quinta-feira (25), ind\u00edgenas fizeram uma marcha at\u00e9 o Pal\u00e1cio do Planalto a fim de pressionar o presidente Luiz In\u00e1cio Lula da Silva (PT) em favor da demarca\u00e7\u00e3o de terras e contra o marco temporal. Repleta de cartazes, a manifesta\u00e7\u00e3o ocorreu durante reuni\u00e3o do chefe do Executivo e da ministra dos Povos Ind\u00edgenas, S\u00f4nia Guajajara, [&hellip;]<\/p>\n","protected":false},"author":2,"featured_media":19177,"comment_status":"open","ping_status":"open","sticky":false,"template":"","format":"standard","meta":[],"categories":[10],"tags":[13],"_links":{"self":[{"href":"https:\/\/dgospel.com.br\/portal\/index.php\/wp-json\/wp\/v2\/posts\/19176"}],"collection":[{"href":"https:\/\/dgospel.com.br\/portal\/index.php\/wp-json\/wp\/v2\/posts"}],"about":[{"href":"https:\/\/dgospel.com.br\/portal\/index.php\/wp-json\/wp\/v2\/types\/post"}],"author":[{"embeddable":true,"href":"https:\/\/dgospel.com.br\/portal\/index.php\/wp-json\/wp\/v2\/users\/2"}],"replies":[{"embeddable":true,"href":"https:\/\/dgospel.com.br\/portal\/index.php\/wp-json\/wp\/v2\/comments?post=19176"}],"version-history":[{"count":1,"href":"https:\/\/dgospel.com.br\/portal\/index.php\/wp-json\/wp\/v2\/posts\/19176\/revisions"}],"predecessor-version":[{"id":19178,"href":"https:\/\/dgospel.com.br\/portal\/index.php\/wp-json\/wp\/v2\/posts\/19176\/revisions\/19178"}],"wp:featuredmedia":[{"embeddable":true,"href":"https:\/\/dgospel.com.br\/portal\/index.php\/wp-json\/wp\/v2\/media\/19177"}],"wp:attachment":[{"href":"https:\/\/dgospel.com.br\/portal\/index.php\/wp-json\/wp\/v2\/media?parent=19176"}],"wp:term":[{"taxonomy":"category","embeddable":true,"href":"https:\/\/dgospel.com.br\/portal\/index.php\/wp-json\/wp\/v2\/categories?post=19176"},{"taxonomy":"post_tag","embeddable":true,"href":"https:\/\/dgospel.com.br\/portal\/index.php\/wp-json\/wp\/v2\/tags?post=19176"}],"curies":[{"name":"wp","href":"https:\/\/api.w.org\/{rel}","templated":true}]}}