{"id":19179,"date":"2024-04-26T21:59:10","date_gmt":"2024-04-27T00:59:10","guid":{"rendered":"https:\/\/dgospel.com.br\/portal\/?p=19179"},"modified":"2024-04-26T21:59:11","modified_gmt":"2024-04-27T00:59:11","slug":"dengue-deputado-pede-demissao-de-ministra-da-saude-de-lula","status":"publish","type":"post","link":"https:\/\/dgospel.com.br\/portal\/index.php\/2024\/04\/26\/dengue-deputado-pede-demissao-de-ministra-da-saude-de-lula\/","title":{"rendered":"Dengue: Deputado pede demiss\u00e3o de ministra da Sa\u00fade de Lula"},"content":{"rendered":"\n<p>O deputado federal Coronel Meira (PL-PE), em seu discurso no Plen\u00e1rio da C\u00e2mara, nesta quinta-feira (25), pediu a demiss\u00e3o da ministra da Sa\u00fade, N\u00edsia Trindade, em raz\u00e3o do alto n\u00famero de mortes por consequ\u00eancia da epidemia de dengue que acomete o Brasil. Na ocasi\u00e3o, ele se dirigiu a Lula (PT) como \u201cpresidengue\u201d.<\/p>\n\n\n\n<p>\u2013 Venho aqui neste plen\u00e1rio da Casa pedir ao \u201cpresidengue\u201d que tome uma atitude, demita essa ministra, ela n\u00e3o tem a m\u00ednima condi\u00e7\u00e3o de estar \u00e0 frente da Sa\u00fade do povo brasileiro.<\/p>\n\n\n\n<p>O parlamentar compartilhou o v\u00eddeo de sua fala na C\u00e2mara, em suas redes sociais, e textualmente expressou sua indigna\u00e7\u00e3o com o incompet\u00eancia da gest\u00e3o Lula, na pessoa da ministra N\u00edsia Trindade.<\/p>\n\n\n\n<p>\u2013 S\u00e3o mais de 2 mil \u00f3bitos por dengue, um n\u00famero in\u00e9dito na hist\u00f3ria deste pa\u00eds, e a grande culpa \u00e9 da ministra da Sa\u00fade, N\u00edsia Trindade, e do Governo Lula. N\u00e3o foi feito qualquer planejamento para evitar o caos, n\u00e3o h\u00e1 vacinas, mas sobra incompet\u00eancia. Demiss\u00e3o j\u00e1!<\/p>\n\n\n\n<p><\/p>\n\n\n\n<figure class=\"wp-block-image size-full\"><img loading=\"lazy\" width=\"559\" height=\"550\" src=\"https:\/\/dgospel.com.br\/portal\/wp-content\/uploads\/2024\/04\/000.jpg\" alt=\"\" class=\"wp-image-19180\" srcset=\"https:\/\/dgospel.com.br\/portal\/wp-content\/uploads\/2024\/04\/000.jpg 559w, https:\/\/dgospel.com.br\/portal\/wp-content\/uploads\/2024\/04\/000-300x295.jpg 300w\" sizes=\"(max-width: 559px) 100vw, 559px\" \/><\/figure>\n\n\n\n<p>Os n\u00fameros s\u00e3o alarmantes. O Brasil atingiu \u00e0 marca de 3.852.901 casos prov\u00e1veis de dengue na \u00faltima quarta-feira (24), de acordo com o Painel de Monitoramento de Arboviroses.<\/p>\n\n\n\n<p>O termo \u201cpresidengue\u201d foi cunhado pelo deputado estadual por Pernambuco, Coronel Alberto Feitosa (PL), em 21 de mar\u00e7o deste ano, ao discursar na Assembleia Legislativa de seu estado.<\/p>\n","protected":false},"excerpt":{"rendered":"<p>O deputado federal Coronel Meira (PL-PE), em seu discurso no Plen\u00e1rio da C\u00e2mara, nesta quinta-feira (25), pediu a demiss\u00e3o da ministra da Sa\u00fade, N\u00edsia Trindade, em raz\u00e3o do alto n\u00famero de mortes por consequ\u00eancia da epidemia de dengue que acomete o Brasil. Na ocasi\u00e3o, ele se dirigiu a Lula (PT) como \u201cpresidengue\u201d. \u2013 Venho aqui [&hellip;]<\/p>\n","protected":false},"author":2,"featured_media":19181,"comment_status":"open","ping_status":"open","sticky":false,"template":"","format":"standard","meta":[],"categories":[8],"tags":[],"_links":{"self":[{"href":"https:\/\/dgospel.com.br\/portal\/index.php\/wp-json\/wp\/v2\/posts\/19179"}],"collection":[{"href":"https:\/\/dgospel.com.br\/portal\/index.php\/wp-json\/wp\/v2\/posts"}],"about":[{"href":"https:\/\/dgospel.com.br\/portal\/index.php\/wp-json\/wp\/v2\/types\/post"}],"author":[{"embeddable":true,"href":"https:\/\/dgospel.com.br\/portal\/index.php\/wp-json\/wp\/v2\/users\/2"}],"replies":[{"embeddable":true,"href":"https:\/\/dgospel.com.br\/portal\/index.php\/wp-json\/wp\/v2\/comments?post=19179"}],"version-history":[{"count":1,"href":"https:\/\/dgospel.com.br\/portal\/index.php\/wp-json\/wp\/v2\/posts\/19179\/revisions"}],"predecessor-version":[{"id":19182,"href":"https:\/\/dgospel.com.br\/portal\/index.php\/wp-json\/wp\/v2\/posts\/19179\/revisions\/19182"}],"wp:featuredmedia":[{"embeddable":true,"href":"https:\/\/dgospel.com.br\/portal\/index.php\/wp-json\/wp\/v2\/media\/19181"}],"wp:attachment":[{"href":"https:\/\/dgospel.com.br\/portal\/index.php\/wp-json\/wp\/v2\/media?parent=19179"}],"wp:term":[{"taxonomy":"category","embeddable":true,"href":"https:\/\/dgospel.com.br\/portal\/index.php\/wp-json\/wp\/v2\/categories?post=19179"},{"taxonomy":"post_tag","embeddable":true,"href":"https:\/\/dgospel.com.br\/portal\/index.php\/wp-json\/wp\/v2\/tags?post=19179"}],"curies":[{"name":"wp","href":"https:\/\/api.w.org\/{rel}","templated":true}]}}