{"id":1918,"date":"2018-11-22T10:58:08","date_gmt":"2018-11-22T12:58:08","guid":{"rendered":"http:\/\/dgospel.com.br\/portal\/?p=1918"},"modified":"2018-11-22T16:10:48","modified_gmt":"2018-11-22T18:10:48","slug":"muitos-passos-de-bolsonaro-estao-virando-chaves-espirituais-diz-roberto-de-lucena","status":"publish","type":"post","link":"https:\/\/dgospel.com.br\/portal\/index.php\/2018\/11\/22\/muitos-passos-de-bolsonaro-estao-virando-chaves-espirituais-diz-roberto-de-lucena\/","title":{"rendered":"\u201cMuitos passos de Bolsonaro est\u00e3o virando chaves espirituais\u201d, diz Roberto de Lucena"},"content":{"rendered":"<p>O pastor e deputado federal Roberto de Lucena (PODE-SP) apresentou sua perspectiva em rela\u00e7\u00e3o \u00e0s mudan\u00e7as no cen\u00e1rio pol\u00edtico do Brasil ao\u00a0<a href=\"https:\/\/guiame.com.br\/gospel\/mundo-cristao\/lideres-se-reunem-para-discutir-como-tornar-igreja-mais-influente-no-brasil.html\"><strong>Conselho Apost\u00f3lico Brasileiro<\/strong><\/a>\u00a0na \u00faltima segunda-feira (19).<\/p>\n<p>\u201cN\u00f3s estamos em um momento singular no Brasil e estou muito otimista. Esse otimismo n\u00e3o \u00e9 vazio de consci\u00eancia das dificuldades que temos que enfrentar, no entanto, estamos virando chaves espirituais\u201d, disse o parlamentar, em\u00a0<a href=\"https:\/\/guiame.com.br\/gospel\/mundo-cristao\/lideres-se-reunem-para-discutir-como-tornar-igreja-mais-influente-no-brasil.html\"><strong>reuni\u00e3o<\/strong><\/a>\u00a0acompanhada com exclusividade pelo\u00a0<strong>Guiame<\/strong>.<\/p>\n<p>Lucena destacou a mudan\u00e7a sofrida pelo presidente eleito Jair Bolsonaro (PSL) antes e depois da facada, que aconteceu em um com\u00edcio em Juiz de Fora (MG). Ele ainda destacou os atos de Bolsonaro deste que foi eleito para governar o Brasil.<\/p>\n<p>\u201cEu vivi para ver, no dia da elei\u00e7\u00e3o do presidente da Rep\u00fablica, quando ele estava na sala de sua casa, quatro ou cinco vozes se levantando e glorificando a Deus. N\u00e3o foi ele, mas isso aconteceu na sala da casa do presidente da Rep\u00fablica. Isso \u00e9 muito s\u00e9rio\u201d, afirmou o deputado.<\/p>\n<p>\u201cEu vivi para ver o presidente da Rep\u00fablica eleito, antes de se pronunciar \u00e0 na\u00e7\u00e3o, chamando um irm\u00e3o para que fizesse uma ora\u00e7\u00e3o e, em cadeia nacional e internacional, o nome de Jesus foi glorificado. Uma chave espiritual foi virada ali\u201d, completou.<\/p>\n<p>\u201cN\u00f3s estamos vivendo para ver um presidente da Rep\u00fablica eleito que, quando saiu de sua elei\u00e7\u00e3o, o primeiro lugar que visitou foi uma igreja, para participar de um culto. E todos os passos que ele d\u00e1 v\u00e3o virando chaves espirituais\u201d, acrescentou o parlamentar.<\/p>\n<p>Um dos passos de Bolsonaro que foi considerado por Lucena como o mais significativo, \u00e9 seu posicionamento firme em rela\u00e7\u00e3o a Israel. \u201cEste Conselho lutou muito junto ao governo que est\u00e1 encerrando e ao governo anterior na rela\u00e7\u00e3o entre Brasil e Israel. N\u00f3s gememos e sofremos, mas estamos vendo agora chaves espirituais sendo movidas\u201d.<\/p>\n<p><strong>Novos desafios<\/strong><\/p>\n<p>Lucena enfatizou que um novo tempo de Deus chegou para o Brasil, mas a Igreja precisa ter responsabilidade diante disso.<\/p>\n<p>\u201cA Igreja precisa ter lucidez para entender o seu papel neste momento. Quando eu digo que a Igreja precisa ter lucidez, eu digo que n\u00f3s precisamos pensar o Brasil 30 anos para frente, na perspectiva dos valores do Reino de Deus, e alinhar nossos prop\u00f3sitos espirituais com estrat\u00e9gias de a\u00e7\u00e3o, como aquelas que foram desenvolvidas pelos movimentos de esquerda que pensaram o Brasil 30 anos atr\u00e1s\u201d, observou.<\/p>\n<p>O parlamentar ainda prop\u00f4s uma Cruzada Nacional de Integridade, a fim de combater a corrup\u00e7\u00e3o em todas as esferas da sociedade e uma Escola de Governo, com o objetivo de preparar crist\u00e3os para atuarem nos ambientes pol\u00edticos.<\/p>\n<p>FONTE: GUIAME, LUANA NOVAES<\/p>\n","protected":false},"excerpt":{"rendered":"<p>O pastor e deputado federal Roberto de Lucena (PODE-SP) apresentou sua perspectiva em rela\u00e7\u00e3o \u00e0s mudan\u00e7as no cen\u00e1rio pol\u00edtico do Brasil ao\u00a0Conselho Apost\u00f3lico Brasileiro\u00a0na \u00faltima segunda-feira (19). \u201cN\u00f3s estamos em um momento singular no Brasil e estou muito otimista. Esse otimismo n\u00e3o \u00e9 vazio de consci\u00eancia das dificuldades que temos que enfrentar, no entanto, estamos [&hellip;]<\/p>\n","protected":false},"author":2,"featured_media":1919,"comment_status":"open","ping_status":"open","sticky":false,"template":"","format":"standard","meta":[],"categories":[2,6,4],"tags":[],"_links":{"self":[{"href":"https:\/\/dgospel.com.br\/portal\/index.php\/wp-json\/wp\/v2\/posts\/1918"}],"collection":[{"href":"https:\/\/dgospel.com.br\/portal\/index.php\/wp-json\/wp\/v2\/posts"}],"about":[{"href":"https:\/\/dgospel.com.br\/portal\/index.php\/wp-json\/wp\/v2\/types\/post"}],"author":[{"embeddable":true,"href":"https:\/\/dgospel.com.br\/portal\/index.php\/wp-json\/wp\/v2\/users\/2"}],"replies":[{"embeddable":true,"href":"https:\/\/dgospel.com.br\/portal\/index.php\/wp-json\/wp\/v2\/comments?post=1918"}],"version-history":[{"count":1,"href":"https:\/\/dgospel.com.br\/portal\/index.php\/wp-json\/wp\/v2\/posts\/1918\/revisions"}],"predecessor-version":[{"id":1920,"href":"https:\/\/dgospel.com.br\/portal\/index.php\/wp-json\/wp\/v2\/posts\/1918\/revisions\/1920"}],"wp:featuredmedia":[{"embeddable":true,"href":"https:\/\/dgospel.com.br\/portal\/index.php\/wp-json\/wp\/v2\/media\/1919"}],"wp:attachment":[{"href":"https:\/\/dgospel.com.br\/portal\/index.php\/wp-json\/wp\/v2\/media?parent=1918"}],"wp:term":[{"taxonomy":"category","embeddable":true,"href":"https:\/\/dgospel.com.br\/portal\/index.php\/wp-json\/wp\/v2\/categories?post=1918"},{"taxonomy":"post_tag","embeddable":true,"href":"https:\/\/dgospel.com.br\/portal\/index.php\/wp-json\/wp\/v2\/tags?post=1918"}],"curies":[{"name":"wp","href":"https:\/\/api.w.org\/{rel}","templated":true}]}}