{"id":19186,"date":"2024-04-26T22:05:04","date_gmt":"2024-04-27T01:05:04","guid":{"rendered":"https:\/\/dgospel.com.br\/portal\/?p=19186"},"modified":"2024-04-26T22:05:05","modified_gmt":"2024-04-27T01:05:05","slug":"ciro-afirma-que-o-pt-se-tornou-uma-organizacao-criminosa","status":"publish","type":"post","link":"https:\/\/dgospel.com.br\/portal\/index.php\/2024\/04\/26\/ciro-afirma-que-o-pt-se-tornou-uma-organizacao-criminosa\/","title":{"rendered":"Ciro afirma que o PT se tornou uma organiza\u00e7\u00e3o criminosa"},"content":{"rendered":"\n<p>O ex-candidato \u00e0 presid\u00eancia, Ciro Gomes (PDT), concedeu uma entrevista ao jornal Jangadeiro na \u00faltima quarta-feira (24). Como de praxe, o pol\u00edtico fez declara\u00e7\u00f5es fortes, e chegou a declarar que o Partido dos Trabalhadores (PT) se transformou em uma \u201corganiza\u00e7\u00e3o criminosa\u201d.<\/p>\n\n\n\n<p>O pedetista fez tal afirma\u00e7\u00e3o enquanto comentava sobre a seguran\u00e7a p\u00fablica no Cear\u00e1 e o confronto entre fac\u00e7\u00f5es nas unidades prisionais do estado.<\/p>\n\n\n\n<p>O veterano atribuiu a crise de seguran\u00e7a no Cear\u00e1 \u00e0 \u201comiss\u00e3o\u201d ou \u201cconiv\u00eancia\u201d da pol\u00edcia, que, segundo ele, tem liga\u00e7\u00f5es com o PT. Ciro tamb\u00e9m acusou o ministro da Educa\u00e7\u00e3o de Lula, que \u00e9 ex-governador do Cear\u00e1, Camilo Santana, de ter um acordo com essas fac\u00e7\u00f5es que dominam o estado.<\/p>\n\n\n\n<p>O pol\u00edtico compartilhou o v\u00eddeo de sua fala em suas redes sociais.<\/p>\n\n\n\n<p><\/p>\n","protected":false},"excerpt":{"rendered":"<p>O ex-candidato \u00e0 presid\u00eancia, Ciro Gomes (PDT), concedeu uma entrevista ao jornal Jangadeiro na \u00faltima quarta-feira (24). Como de praxe, o pol\u00edtico fez declara\u00e7\u00f5es fortes, e chegou a declarar que o Partido dos Trabalhadores (PT) se transformou em uma \u201corganiza\u00e7\u00e3o criminosa\u201d. O pedetista fez tal afirma\u00e7\u00e3o enquanto comentava sobre a seguran\u00e7a p\u00fablica no Cear\u00e1 e [&hellip;]<\/p>\n","protected":false},"author":2,"featured_media":19187,"comment_status":"open","ping_status":"open","sticky":false,"template":"","format":"standard","meta":[],"categories":[4],"tags":[],"_links":{"self":[{"href":"https:\/\/dgospel.com.br\/portal\/index.php\/wp-json\/wp\/v2\/posts\/19186"}],"collection":[{"href":"https:\/\/dgospel.com.br\/portal\/index.php\/wp-json\/wp\/v2\/posts"}],"about":[{"href":"https:\/\/dgospel.com.br\/portal\/index.php\/wp-json\/wp\/v2\/types\/post"}],"author":[{"embeddable":true,"href":"https:\/\/dgospel.com.br\/portal\/index.php\/wp-json\/wp\/v2\/users\/2"}],"replies":[{"embeddable":true,"href":"https:\/\/dgospel.com.br\/portal\/index.php\/wp-json\/wp\/v2\/comments?post=19186"}],"version-history":[{"count":1,"href":"https:\/\/dgospel.com.br\/portal\/index.php\/wp-json\/wp\/v2\/posts\/19186\/revisions"}],"predecessor-version":[{"id":19188,"href":"https:\/\/dgospel.com.br\/portal\/index.php\/wp-json\/wp\/v2\/posts\/19186\/revisions\/19188"}],"wp:featuredmedia":[{"embeddable":true,"href":"https:\/\/dgospel.com.br\/portal\/index.php\/wp-json\/wp\/v2\/media\/19187"}],"wp:attachment":[{"href":"https:\/\/dgospel.com.br\/portal\/index.php\/wp-json\/wp\/v2\/media?parent=19186"}],"wp:term":[{"taxonomy":"category","embeddable":true,"href":"https:\/\/dgospel.com.br\/portal\/index.php\/wp-json\/wp\/v2\/categories?post=19186"},{"taxonomy":"post_tag","embeddable":true,"href":"https:\/\/dgospel.com.br\/portal\/index.php\/wp-json\/wp\/v2\/tags?post=19186"}],"curies":[{"name":"wp","href":"https:\/\/api.w.org\/{rel}","templated":true}]}}