{"id":19192,"date":"2024-04-26T22:14:37","date_gmt":"2024-04-27T01:14:37","guid":{"rendered":"https:\/\/dgospel.com.br\/portal\/?p=19192"},"modified":"2024-04-26T22:14:38","modified_gmt":"2024-04-27T01:14:38","slug":"com-o-tema-paz-no-transito-comeca-por-voce-governo-do-tocantins-realiza-lancamento-da-campanha-maio-amarelo-2024","status":"publish","type":"post","link":"https:\/\/dgospel.com.br\/portal\/index.php\/2024\/04\/26\/com-o-tema-paz-no-transito-comeca-por-voce-governo-do-tocantins-realiza-lancamento-da-campanha-maio-amarelo-2024\/","title":{"rendered":"Com o tema &#8220;Paz no tr\u00e2nsito come\u00e7a por voc\u00ea&#8221;, Governo do Tocantins realiza lan\u00e7amento da campanha Maio Amarelo 2024"},"content":{"rendered":"\n<p>O Governo do Tocantins, por meio do Departamento Estadual de Tr\u00e2nsito do Tocantins (Detran\/TO), realizar\u00e1 na ter\u00e7a-feira, 30, \u00e0s 9 horas, a solenidade de abertura da campanha<em>&nbsp;Maio Amarelo 2024<\/em>, no audit\u00f3rio do Pal\u00e1cio Araguaia Governador Jos\u00e9 Wilson Siqueira Campos, em Palmas.<\/p>\n\n\n\n<p>Na ocasi\u00e3o, ser\u00e1 apresentada a programa\u00e7\u00e3o das atividades que ser\u00e3o desenvolvidas ao longo do m\u00eas, que tem como objetivo alertar a popula\u00e7\u00e3o sobre os altos \u00edndices de sinistros de tr\u00e2nsito em todo o Tocantins. Na segunda-feira, 6 de maio, e na ter\u00e7a-feira, 7 de maio, ser\u00e1 iniciada a campanha nas cidades de Aragua\u00edna e Gurupi, respectivamente.<\/p>\n\n\n\n<p>A campanha&nbsp;<em>Maio Amarelo 2024&nbsp;<\/em>marca os 11 anos do movimento e tem como tema&nbsp;<em>Paz no tr\u00e2nsito come\u00e7a por voc\u00ea<\/em>, buscando estimular toda a sociedade a pensar e refletir sobre a necessidade e a import\u00e2ncia da gentileza no tr\u00e2nsito, incentivando uma mudan\u00e7a de atitude e comportamento dos condutores e demais usu\u00e1rios das vias.<\/p>\n\n\n\n<p>Para isso, ser\u00e1 realizado, ao longo do m\u00eas de maio, um conjunto de a\u00e7\u00f5es, como blitzes, caminhadas, passeios com entrega de materiais did\u00e1ticos, pe\u00e7as teatrais tem\u00e1ticas, entre outras mobiliza\u00e7\u00f5es necess\u00e1rias voltadas \u00e0 promo\u00e7\u00e3o da conscientiza\u00e7\u00e3o e da educa\u00e7\u00e3o para o tr\u00e2nsito, em diversos munic\u00edpios tocantinenses.<\/p>\n\n\n\n<p>O presidente do Detran Tocantins, Willian Gonzaga, lembra que a campanha&nbsp;<em>Maio Amarelo<\/em>&nbsp;tem sido uma importante ferramenta na busca pela redu\u00e7\u00e3o de acidentes de tr\u00e2nsito e conscientiza\u00e7\u00e3o de toda a popula\u00e7\u00e3o a respeito da gravidade do problema que a tem\u00e1tica envolve. \u201cEssas a\u00e7\u00f5es t\u00eam o objetivo de mobilizar toda a popula\u00e7\u00e3o tocantinense por um tr\u00e2nsito mais seguro com menos v\u00edtimas, preservando vidas e contribuindo para a constru\u00e7\u00e3o de vias p\u00fablicas mais pac\u00edficas e ordeiras\u201d, evidenciou o presidente.<\/p>\n\n\n\n<p><strong>Dados&nbsp;<\/strong><\/p>\n\n\n\n<p>De acordo com a Ger\u00eancia de Estat\u00edstica do Detran Tocantins, a frota de ve\u00edculos no Tocantins em 2024 conta com 880.708 ve\u00edculos. Em 2023, foram registrados 5.399 sinistros de tr\u00e2nsito e 581 \u00f3bitos em decorr\u00eancia de sinistros de tr\u00e2nsito.<\/p>\n\n\n\n<p><strong>Maio Amarelo<\/strong><\/p>\n\n\n\n<p>A campanha&nbsp;<em>Maio Amarelo<\/em>&nbsp;\u00e9 uma a\u00e7\u00e3o internacional que tem a finalidade de alertar a sociedade para o alto \u00edndice de mortes e feridos no tr\u00e2nsito em todo o mundo. Em maio de 2011, a Organiza\u00e7\u00e3o das Na\u00e7\u00f5es Unidas (ONU) decretou a d\u00e9cada de a\u00e7\u00f5es para seguran\u00e7a no tr\u00e2nsito, assim, o m\u00eas de maio se tornou refer\u00eancia mundial na divulga\u00e7\u00e3o e avalia\u00e7\u00e3o dos resultados.<\/p>\n\n\n\n<p><strong>\u00d3rg\u00e3os<\/strong><\/p>\n\n\n\n<p>O Detran Tocantins contar\u00e1 com o apoio de diversos \u00f3rg\u00e3os da esfera p\u00fablica nestas a\u00e7\u00f5es que integrar\u00e3o o&nbsp;<em>Maio Amarelo 2024<\/em>: Secretaria de Estado da Sa\u00fade (SES\/TO), Secretaria de Estado da Seguran\u00e7a P\u00fablica (SSP\/TO), Secretaria de Estado da Educa\u00e7\u00e3o (Seduc), Ag\u00eancia de Obras, Infraestrutura e Transportes (Ageto), Pol\u00edcia Rodovi\u00e1ria Federal (PRF), Pol\u00edcia Militar do Tocantins (PMTO) e Corpo de Bombeiros Militar (CBMTO).<\/p>\n\n\n\n<p>O apoio dessas pastas do governo, cada uma dentro das atribui\u00e7\u00f5es institucionais, descentraliza as atividades do movimento e amplia o alcance da mensagem das a\u00e7\u00f5es da campanha.<\/p>\n\n\n\n<p>A programa\u00e7\u00e3o completa do lan\u00e7amento da campanha\u00a0<em>Maio Amarelo 2024<\/em>\u00a0pode ser conferida no site do<a href=\"https:\/\/www.to.gov.br\/detran\/noticias\/com-slogan-paz-no-transito-comeca-por-voce-governo-do-tocantins-prepara-lancamento-da-campanha-maio-amarelo-2024-no-estado\/67wcbgdgc2ki\">\u00a0Detran Tocantins.<\/a><\/p>\n\n\n\n<p><img src=\"https:\/\/central.to.gov.br\/image\/374569?w=670&amp;h=383\"><\/p>\n\n\n\n<p>Com a\u00e7\u00f5es educativas, a campanha tem como objetivo reduzir os \u00edndices de mortes e sinistros no tr\u00e2nsito &#8211; Felix Carneiro\/Governo do Tocantins\u00a0<\/p>\n","protected":false},"excerpt":{"rendered":"<p>O Governo do Tocantins, por meio do Departamento Estadual de Tr\u00e2nsito do Tocantins (Detran\/TO), realizar\u00e1 na ter\u00e7a-feira, 30, \u00e0s 9 horas, a solenidade de abertura da campanha&nbsp;Maio Amarelo 2024, no audit\u00f3rio do Pal\u00e1cio Araguaia Governador Jos\u00e9 Wilson Siqueira Campos, em Palmas. Na ocasi\u00e3o, ser\u00e1 apresentada a programa\u00e7\u00e3o das atividades que ser\u00e3o desenvolvidas ao longo do [&hellip;]<\/p>\n","protected":false},"author":2,"featured_media":19193,"comment_status":"open","ping_status":"open","sticky":false,"template":"","format":"standard","meta":[],"categories":[3],"tags":[13],"_links":{"self":[{"href":"https:\/\/dgospel.com.br\/portal\/index.php\/wp-json\/wp\/v2\/posts\/19192"}],"collection":[{"href":"https:\/\/dgospel.com.br\/portal\/index.php\/wp-json\/wp\/v2\/posts"}],"about":[{"href":"https:\/\/dgospel.com.br\/portal\/index.php\/wp-json\/wp\/v2\/types\/post"}],"author":[{"embeddable":true,"href":"https:\/\/dgospel.com.br\/portal\/index.php\/wp-json\/wp\/v2\/users\/2"}],"replies":[{"embeddable":true,"href":"https:\/\/dgospel.com.br\/portal\/index.php\/wp-json\/wp\/v2\/comments?post=19192"}],"version-history":[{"count":1,"href":"https:\/\/dgospel.com.br\/portal\/index.php\/wp-json\/wp\/v2\/posts\/19192\/revisions"}],"predecessor-version":[{"id":19194,"href":"https:\/\/dgospel.com.br\/portal\/index.php\/wp-json\/wp\/v2\/posts\/19192\/revisions\/19194"}],"wp:featuredmedia":[{"embeddable":true,"href":"https:\/\/dgospel.com.br\/portal\/index.php\/wp-json\/wp\/v2\/media\/19193"}],"wp:attachment":[{"href":"https:\/\/dgospel.com.br\/portal\/index.php\/wp-json\/wp\/v2\/media?parent=19192"}],"wp:term":[{"taxonomy":"category","embeddable":true,"href":"https:\/\/dgospel.com.br\/portal\/index.php\/wp-json\/wp\/v2\/categories?post=19192"},{"taxonomy":"post_tag","embeddable":true,"href":"https:\/\/dgospel.com.br\/portal\/index.php\/wp-json\/wp\/v2\/tags?post=19192"}],"curies":[{"name":"wp","href":"https:\/\/api.w.org\/{rel}","templated":true}]}}