{"id":19195,"date":"2024-04-26T22:17:17","date_gmt":"2024-04-27T01:17:17","guid":{"rendered":"https:\/\/dgospel.com.br\/portal\/?p=19195"},"modified":"2024-04-26T22:17:19","modified_gmt":"2024-04-27T01:17:19","slug":"saude-orienta-a-populacao-para-o-reforco-das-medidas-de-prevencao-contra-os-virus-respiratorios","status":"publish","type":"post","link":"https:\/\/dgospel.com.br\/portal\/index.php\/2024\/04\/26\/saude-orienta-a-populacao-para-o-reforco-das-medidas-de-prevencao-contra-os-virus-respiratorios\/","title":{"rendered":"Sa\u00fade orienta a popula\u00e7\u00e3o para o refor\u00e7o das medidas de preven\u00e7\u00e3o contra os v\u00edrus respirat\u00f3rios"},"content":{"rendered":"\n<p>Em decorr\u00eancia da circula\u00e7\u00e3o simult\u00e2nea de quatro v\u00edrus respons\u00e1veis por infec\u00e7\u00f5es respirat\u00f3rias, a Secretaria de Estado da Sa\u00fade (SES-TO) vem a p\u00fablico alertar a popula\u00e7\u00e3o sobre a import\u00e2ncia dos cuidados de rotina. As medidas de preven\u00e7\u00e3o devem ser realizadas por todos, mas principalmente para crian\u00e7as, gestantes, idosos e pessoas com comorbidades, que possuem o risco para o desenvolvimento de poss\u00edveis complica\u00e7\u00f5es.<\/p>\n\n\n\n<p>A orienta\u00e7\u00e3o da Gest\u00e3o Estadual tem como base a Nota T\u00e9cnica n\u00b0 07\/2024, emitida pelo Minist\u00e9rio da Sa\u00fade (MS) no dia 14 de mar\u00e7o, que considera a tend\u00eancia de aumento no n\u00famero de casos observada at\u00e9 o fim do per\u00edodo chuvoso.<\/p>\n\n\n\n<p>\u201cO Tocantins n\u00e3o tem identificado aumento alarmante no n\u00famero de casos, mas devido ao per\u00edodo de sazonalidade, a SES-TO orienta os profissionais que atuam nos servi\u00e7os de sa\u00fade para que fiquem atentos ao monitoramento dos prov\u00e1veis casos de s\u00edndromes gripais nos indiv\u00edduos de todas as idades, especialmente os grupos que apresentam maior risco de desenvolver complica\u00e7\u00f5es\u201d, destacou a gerente de Imuniza\u00e7\u00e3o e Doen\u00e7as Imunopreven\u00edveis, Diandra Sena.<\/p>\n\n\n\n<p>&nbsp;<strong>Dados<\/strong><\/p>\n\n\n\n<p>At\u00e9 o dia 20 de abril, o Tocantins j\u00e1 registrou 263 casos de Influenza A; 415 casos de Rinov\u00edrus; 242 casos de V\u00edrus sincicial respirat\u00f3rio; sete casos de Adenov\u00edrus; e 8.726 casos de Covid -19.<\/p>\n\n\n\n<p>&nbsp;<strong>Vacina\u00e7\u00e3o<\/strong><\/p>\n\n\n\n<p>&nbsp;A vacina\u00e7\u00e3o \u00e9 uma das formas mais eficazes para doen\u00e7as sazonais, principalmente para as crian\u00e7as de seis meses a menores de cinco anos e grupos priorit\u00e1rios, como idosos e imunossuprimidos. Por este motivo, \u00e9 de suma import\u00e2ncia a atualiza\u00e7\u00e3o da caderneta de vacina\u00e7\u00e3o de pessoas que ainda n\u00e3o completaram o esquema vacinal e est\u00e3o com doses em atraso.<\/p>\n\n\n\n<p>Para o combate \u00e0 Influenza, a campanha anual de vacina\u00e7\u00e3o est\u00e1 programada para o segundo semestre de 2024 conforme uma determina\u00e7\u00e3o do Minist\u00e9rio da Sa\u00fade, que mudou o per\u00edodo, como forma de atender \u00e0s particularidades clim\u00e1ticas da regi\u00e3o, que inicia o inverno amaz\u00f4nico, per\u00edodo de maior circula\u00e7\u00e3o viral e de transmiss\u00e3o da gripe.<\/p>\n\n\n\n<p><strong>Recomenda\u00e7\u00f5es<\/strong><\/p>\n\n\n\n<p>Para reduzir e prevenir a transmiss\u00e3o de v\u00edrus respirat\u00f3rios, al\u00e9m da vacina\u00e7\u00e3o, tamb\u00e9m deve-se fazer o uso de medidas e controle n\u00e3o farmacol\u00f3gicos, como:<\/p>\n\n\n\n<p>&#8211; Frequente higieniza\u00e7\u00e3o das m\u00e3os;<\/p>\n\n\n\n<p>&#8211; Cobrir nariz e boca quando espirrar ou tossir;<\/p>\n\n\n\n<p>&#8211; Evitar tocar mucosas de olhos, nariz e boca;<\/p>\n\n\n\n<p>&#8211; Evitar contato pr\u00f3ximo a pessoas que apresentem sinais ou sintomas gripais;<\/p>\n\n\n\n<p>&#8211; Manter os ambientes bem ventilados;<\/p>\n\n\n\n<p>&#8211; Evitar aglomera\u00e7\u00f5es e ambientes fechados;<\/p>\n\n\n\n<p>&#8211; Usar m\u00e1scaras se estiver com sintomas gripais;<\/p>\n\n\n\n<p>&#8211; Se a crian\u00e7a estiver com sintomas gripais, n\u00e3o as leve para creche, escola ou festas infantis;<\/p>\n\n\n\n<p>&#8211; Evite expor menores de 6 meses em locais com aglomera\u00e7\u00e3o de pessoas.<\/p>\n\n\n\n<p><img src=\"https:\/\/central.to.gov.br\/image\/374627?w=670&amp;h=383\"><\/p>\n\n\n\n<p>O alerta feito leva em considera\u00e7\u00e3o a tend\u00eancia de aumento no n\u00famero de casos observada nas \u00faltimas semanas epidemiol\u00f3gicas &#8211; Divulga\u00e7\u00e3o\/SES-TO<\/p>\n","protected":false},"excerpt":{"rendered":"<p>Em decorr\u00eancia da circula\u00e7\u00e3o simult\u00e2nea de quatro v\u00edrus respons\u00e1veis por infec\u00e7\u00f5es respirat\u00f3rias, a Secretaria de Estado da Sa\u00fade (SES-TO) vem a p\u00fablico alertar a popula\u00e7\u00e3o sobre a import\u00e2ncia dos cuidados de rotina. As medidas de preven\u00e7\u00e3o devem ser realizadas por todos, mas principalmente para crian\u00e7as, gestantes, idosos e pessoas com comorbidades, que possuem o risco [&hellip;]<\/p>\n","protected":false},"author":2,"featured_media":19196,"comment_status":"open","ping_status":"open","sticky":false,"template":"","format":"standard","meta":[],"categories":[3],"tags":[13],"_links":{"self":[{"href":"https:\/\/dgospel.com.br\/portal\/index.php\/wp-json\/wp\/v2\/posts\/19195"}],"collection":[{"href":"https:\/\/dgospel.com.br\/portal\/index.php\/wp-json\/wp\/v2\/posts"}],"about":[{"href":"https:\/\/dgospel.com.br\/portal\/index.php\/wp-json\/wp\/v2\/types\/post"}],"author":[{"embeddable":true,"href":"https:\/\/dgospel.com.br\/portal\/index.php\/wp-json\/wp\/v2\/users\/2"}],"replies":[{"embeddable":true,"href":"https:\/\/dgospel.com.br\/portal\/index.php\/wp-json\/wp\/v2\/comments?post=19195"}],"version-history":[{"count":1,"href":"https:\/\/dgospel.com.br\/portal\/index.php\/wp-json\/wp\/v2\/posts\/19195\/revisions"}],"predecessor-version":[{"id":19197,"href":"https:\/\/dgospel.com.br\/portal\/index.php\/wp-json\/wp\/v2\/posts\/19195\/revisions\/19197"}],"wp:featuredmedia":[{"embeddable":true,"href":"https:\/\/dgospel.com.br\/portal\/index.php\/wp-json\/wp\/v2\/media\/19196"}],"wp:attachment":[{"href":"https:\/\/dgospel.com.br\/portal\/index.php\/wp-json\/wp\/v2\/media?parent=19195"}],"wp:term":[{"taxonomy":"category","embeddable":true,"href":"https:\/\/dgospel.com.br\/portal\/index.php\/wp-json\/wp\/v2\/categories?post=19195"},{"taxonomy":"post_tag","embeddable":true,"href":"https:\/\/dgospel.com.br\/portal\/index.php\/wp-json\/wp\/v2\/tags?post=19195"}],"curies":[{"name":"wp","href":"https:\/\/api.w.org\/{rel}","templated":true}]}}